{"id":2271,"date":"2023-07-05T06:16:04","date_gmt":"2023-07-05T06:16:04","guid":{"rendered":"https:\/\/acemesclerosis.org\/?p=2271"},"modified":"2023-09-05T09:11:29","modified_gmt":"2023-09-05T09:11:29","slug":"ii-carrera-solidaria-movomembetanzos","status":"publish","type":"post","link":"https:\/\/acemesclerosis.org\/?p=2271&lang=gl","title":{"rendered":"II Carreira Solidaria M\u00f3vomEmBetanzos"},"content":{"rendered":"\n<p>2\u00aa CARRERA KMSOLIDARIOS #M\u00f3vomEmBetanzos <\/p>\n\n\n\n<p>Desde a Asociaci\u00f3n Coru\u00f1esa de Esclerose M\u00faltiple (ACEM) volvemos a organizar la <strong>2\u00aa Carreira Solidaria #M\u00f3vomeEmBetanzos<\/strong> a favor da esclerose m\u00faltiple co concello de Betanzos. Esta carreira celebrarase o pr\u00f3ximo <strong>17 de setembro \u00e1s 11:00h en Betanzos <\/strong>e contar\u00e1 con diversas actividades de animaci\u00f3n (Zumba, m\u00fasica&#8230; ). <\/p>\n\n\n\n<p> A finalidade do evento \u00e9 aumentar as canles de visibilidade da Esclerose M\u00faltiple entre a cidadan\u00eda, dar a co\u00f1ecer a asociaci\u00f3n e o seu labor, as\u00ed como a recadaci\u00f3n de donativos que ir\u00e1n destinados ao mantemento dos servizos sociosanitarios da entidade.<\/p>\n\n\n\n<p>Para m\u00e1is informaci\u00f3n, poden po\u00f1erse en contacto nos Tlfs. 981 24 09 85 \u2013 677 477 495 ou a trav\u00e9s do correo acem@acemesclerosis.org<\/p>\n\n\n\n<p><a href=\"https:\/\/ccnorte.com\/evento\/detalle\/id\/2613\/2-carrera-movomembetanzos?fbclid=IwAR0Kvn5zHZNT1wQKvvljPP2pYpKp6Q44xPhQauosOCJ-WtYc2-B9B4kCIyQ\">https:\/\/ccnorte.com\/evento\/detalle\/id\/2613\/2-carrera-movomembetanzos?fbclid=IwAR0Kvn5zHZNT1wQKvvljPP2pYpKp6Q44xPhQauosOCJ-WtYc2-B9B4kCIyQ<\/a><\/p>\n\n\n\n<figure class=\"wp-block-image size-large\"><img loading=\"lazy\" decoding=\"async\" width=\"1024\" height=\"741\" src=\"https:\/\/acemesclerosis.org\/wp-content\/uploads\/2023\/07\/proximamente-1024x741.jpg\" alt=\"\" class=\"wp-image-2272\" srcset=\"https:\/\/acemesclerosis.org\/wp-content\/uploads\/2023\/07\/proximamente-1024x741.jpg 1024w, https:\/\/acemesclerosis.org\/wp-content\/uploads\/2023\/07\/proximamente-300x217.jpg 300w, https:\/\/acemesclerosis.org\/wp-content\/uploads\/2023\/07\/proximamente-768x556.jpg 768w, https:\/\/acemesclerosis.org\/wp-content\/uploads\/2023\/07\/proximamente-1536x1112.jpg 1536w, https:\/\/acemesclerosis.org\/wp-content\/uploads\/2023\/07\/proximamente-2048x1483.jpg 2048w\" sizes=\"auto, (max-width: 1024px) 100vw, 1024px\" \/><\/figure>\n\n\n\n<p>II Carrera Solidaria M\u00f3vomEmBetanzos<\/p>\n","protected":false},"excerpt":{"rendered":"<p>2\u00aa CARRERA KMSOLIDARIOS #M\u00f3vomEmBetanzos <\/p>\n<p>Desde a Asociaci\u00f3n Coru\u00f1esa de Esclerose M\u00faltiple (ACEM) volvemos a organizar la 2\u00aa Carreira Solidaria #M\u00f3vomeEmBetanzos a favor da esclerose m\u00faltiple co concello de Betanzos. Esta carreira celebrarase o pr\u00f3ximo 17 de setembro \u00e1s 10.00h en Betanzos e contar\u00e1 con diversas actividades de animaci\u00f3n (Zumba, m\u00fasica&#8230; ).<\/p>\n","protected":false},"author":2,"featured_media":2272,"comment_status":"open","ping_status":"open","sticky":false,"template":"","format":"standard","meta":{"footnotes":""},"categories":[19,23],"tags":[],"class_list":["post-2271","post","type-post","status-publish","format-standard","has-post-thumbnail","hentry","category-actualidade","category-eventos-gl"],"yoast_head":"<!-- This site is optimized with the Yoast SEO plugin v17.9 - https:\/\/yoast.com\/wordpress\/plugins\/seo\/ -->\n<title>II Carreira Solidaria M\u00f3vomEmBetanzos - ACEM Esclerosis<\/title>\n<meta name=\"robots\" content=\"index, follow, max-snippet:-1, max-image-preview:large, max-video-preview:-1\" \/>\n<link rel=\"canonical\" href=\"https:\/\/acemesclerosis.org\/?p=2271&#038;lang=gl\" \/>\n<meta property=\"og:locale\" content=\"es_ES\" \/>\n<meta property=\"og:type\" content=\"article\" \/>\n<meta property=\"og:title\" content=\"II Carreira Solidaria M\u00f3vomEmBetanzos - ACEM Esclerosis\" \/>\n<meta property=\"og:description\" content=\"2\u00aa CARRERA KMSOLIDARIOS #M\u00f3vomEmBetanzos  Desde a Asociaci\u00f3n Coru\u00f1esa de Esclerose M\u00faltiple (ACEM) volvemos a organizar la 2\u00aa Carreira Solidaria #M\u00f3vomeEmBetanzos a favor da esclerose m\u00faltiple co concello de Betanzos. Esta carreira celebrarase o pr\u00f3ximo 17 de setembro \u00e1s 10.00h en Betanzos e contar\u00e1 con diversas actividades de animaci\u00f3n (Zumba, m\u00fasica... ).\" \/>\n<meta property=\"og:url\" content=\"https:\/\/acemesclerosis.org\/?p=2271&amp;lang=gl\" \/>\n<meta property=\"og:site_name\" content=\"ACEM Esclerosis\" \/>\n<meta property=\"article:published_time\" content=\"2023-07-05T06:16:04+00:00\" \/>\n<meta property=\"article:modified_time\" content=\"2023-09-05T09:11:29+00:00\" \/>\n<meta property=\"og:image\" content=\"https:\/\/acemesclerosis.org\/wp-content\/uploads\/2023\/07\/proximamente-scaled.jpg\" \/>\n\t<meta property=\"og:image:width\" content=\"2560\" \/>\n\t<meta property=\"og:image:height\" content=\"1854\" \/>\n\t<meta property=\"og:image:type\" content=\"image\/jpeg\" \/>\n<meta name=\"twitter:card\" content=\"summary_large_image\" \/>\n<meta name=\"twitter:label1\" content=\"Escrito por\" \/>\n\t<meta name=\"twitter:data1\" content=\"acem\" \/>\n\t<meta name=\"twitter:label2\" content=\"Tiempo de lectura\" \/>\n\t<meta name=\"twitter:data2\" content=\"1 minuto\" \/>\n<script type=\"application\/ld+json\" class=\"yoast-schema-graph\">{\"@context\":\"https:\/\/schema.org\",\"@graph\":[{\"@type\":\"Organization\",\"@id\":\"https:\/\/192.168.1.117:8086\/#organization\",\"name\":\"Acem Esclerosis\",\"url\":\"https:\/\/192.168.1.117:8086\/\",\"sameAs\":[],\"logo\":{\"@type\":\"ImageObject\",\"@id\":\"https:\/\/192.168.1.117:8086\/#logo\",\"inLanguage\":\"es\",\"url\":\"https:\/\/acemesclerosis.org\/wp-content\/uploads\/2021\/09\/WhatsApp-Image-2021-09-27-at-14.06.43.jpeg\",\"contentUrl\":\"https:\/\/acemesclerosis.org\/wp-content\/uploads\/2021\/09\/WhatsApp-Image-2021-09-27-at-14.06.43.jpeg\",\"width\":1600,\"height\":592,\"caption\":\"Acem Esclerosis\"},\"image\":{\"@id\":\"https:\/\/192.168.1.117:8086\/#logo\"}},{\"@type\":\"WebSite\",\"@id\":\"https:\/\/192.168.1.117:8086\/#website\",\"url\":\"https:\/\/192.168.1.117:8086\/\",\"name\":\"ACEM Esclerosis\",\"description\":\"Asociaci\\u00f3n Coru\\u00f1esa de Esclerosis M\\u00faltiple\",\"publisher\":{\"@id\":\"https:\/\/192.168.1.117:8086\/#organization\"},\"potentialAction\":[{\"@type\":\"SearchAction\",\"target\":{\"@type\":\"EntryPoint\",\"urlTemplate\":\"https:\/\/192.168.1.117:8086\/?s={search_term_string}\"},\"query-input\":\"required name=search_term_string\"}],\"inLanguage\":\"es\"},{\"@type\":\"ImageObject\",\"@id\":\"https:\/\/acemesclerosis.org\/?p=2271&lang=gl#primaryimage\",\"inLanguage\":\"es\",\"url\":\"https:\/\/acemesclerosis.org\/wp-content\/uploads\/2023\/07\/proximamente-scaled.jpg\",\"contentUrl\":\"https:\/\/acemesclerosis.org\/wp-content\/uploads\/2023\/07\/proximamente-scaled.jpg\",\"width\":2560,\"height\":1854},{\"@type\":\"WebPage\",\"@id\":\"https:\/\/acemesclerosis.org\/?p=2271&lang=gl#webpage\",\"url\":\"https:\/\/acemesclerosis.org\/?p=2271&lang=gl\",\"name\":\"II Carreira Solidaria M\\u00f3vomEmBetanzos - ACEM Esclerosis\",\"isPartOf\":{\"@id\":\"https:\/\/192.168.1.117:8086\/#website\"},\"primaryImageOfPage\":{\"@id\":\"https:\/\/acemesclerosis.org\/?p=2271&lang=gl#primaryimage\"},\"datePublished\":\"2023-07-05T06:16:04+00:00\",\"dateModified\":\"2023-09-05T09:11:29+00:00\",\"breadcrumb\":{\"@id\":\"https:\/\/acemesclerosis.org\/?p=2271&lang=gl#breadcrumb\"},\"inLanguage\":\"es\",\"potentialAction\":[{\"@type\":\"ReadAction\",\"target\":[\"https:\/\/acemesclerosis.org\/?p=2271&lang=gl\"]}]},{\"@type\":\"BreadcrumbList\",\"@id\":\"https:\/\/acemesclerosis.org\/?p=2271&lang=gl#breadcrumb\",\"itemListElement\":[{\"@type\":\"ListItem\",\"position\":1,\"name\":\"Portada\",\"item\":\"https:\/\/192.168.1.117:8086\/\"},{\"@type\":\"ListItem\",\"position\":2,\"name\":\"II Carreira Solidaria M\\u00f3vomEmBetanzos\"}]},{\"@type\":[\"Article\",\"BlogPosting\"],\"@id\":\"https:\/\/acemesclerosis.org\/?p=2271&lang=gl#article\",\"isPartOf\":{\"@id\":\"https:\/\/acemesclerosis.org\/?p=2271&lang=gl#webpage\"},\"author\":{\"@id\":\"https:\/\/192.168.1.117:8086\/#\/schema\/person\/054bfdc58cb48a8b5899dcbdf2d388da\"},\"headline\":\"II Carreira Solidaria M\\u00f3vomEmBetanzos\",\"datePublished\":\"2023-07-05T06:16:04+00:00\",\"dateModified\":\"2023-09-05T09:11:29+00:00\",\"mainEntityOfPage\":{\"@id\":\"https:\/\/acemesclerosis.org\/?p=2271&lang=gl#webpage\"},\"wordCount\":151,\"commentCount\":0,\"publisher\":{\"@id\":\"https:\/\/192.168.1.117:8086\/#organization\"},\"image\":{\"@id\":\"https:\/\/acemesclerosis.org\/?p=2271&lang=gl#primaryimage\"},\"thumbnailUrl\":\"https:\/\/acemesclerosis.org\/wp-content\/uploads\/2023\/07\/proximamente-scaled.jpg\",\"articleSection\":[\"Actualidade\",\"Eventos\"],\"inLanguage\":\"es\",\"potentialAction\":[{\"@type\":\"CommentAction\",\"name\":\"Comment\",\"target\":[\"https:\/\/acemesclerosis.org\/?p=2271&lang=gl#respond\"]}]},{\"@type\":\"Person\",\"@id\":\"https:\/\/192.168.1.117:8086\/#\/schema\/person\/054bfdc58cb48a8b5899dcbdf2d388da\",\"name\":\"acem\",\"image\":{\"@type\":\"ImageObject\",\"@id\":\"https:\/\/192.168.1.117:8086\/#personlogo\",\"inLanguage\":\"es\",\"url\":\"https:\/\/acemesclerosis.org\/wp-content\/uploads\/2025\/04\/avatar_user_2_1744704335-96x96.png\",\"contentUrl\":\"https:\/\/acemesclerosis.org\/wp-content\/uploads\/2025\/04\/avatar_user_2_1744704335-96x96.png\",\"caption\":\"acem\"},\"url\":\"https:\/\/acemesclerosis.org\/?author=2\"}]}<\/script>\n<!-- \/ Yoast SEO plugin. -->","yoast_head_json":{"title":"II Carreira Solidaria M\u00f3vomEmBetanzos - ACEM Esclerosis","robots":{"index":"index","follow":"follow","max-snippet":"max-snippet:-1","max-image-preview":"max-image-preview:large","max-video-preview":"max-video-preview:-1"},"canonical":"https:\/\/acemesclerosis.org\/?p=2271&lang=gl","og_locale":"es_ES","og_type":"article","og_title":"II Carreira Solidaria M\u00f3vomEmBetanzos - ACEM Esclerosis","og_description":"2\u00aa CARRERA KMSOLIDARIOS #M\u00f3vomEmBetanzos  Desde a Asociaci\u00f3n Coru\u00f1esa de Esclerose M\u00faltiple (ACEM) volvemos a organizar la 2\u00aa Carreira Solidaria #M\u00f3vomeEmBetanzos a favor da esclerose m\u00faltiple co concello de Betanzos. Esta carreira celebrarase o pr\u00f3ximo 17 de setembro \u00e1s 10.00h en Betanzos e contar\u00e1 con diversas actividades de animaci\u00f3n (Zumba, m\u00fasica... ).","og_url":"https:\/\/acemesclerosis.org\/?p=2271&lang=gl","og_site_name":"ACEM Esclerosis","article_published_time":"2023-07-05T06:16:04+00:00","article_modified_time":"2023-09-05T09:11:29+00:00","og_image":[{"width":2560,"height":1854,"url":"https:\/\/acemesclerosis.org\/wp-content\/uploads\/2023\/07\/proximamente-scaled.jpg","type":"image\/jpeg"}],"twitter_card":"summary_large_image","twitter_misc":{"Escrito por":"acem","Tiempo de lectura":"1 minuto"},"schema":{"@context":"https:\/\/schema.org","@graph":[{"@type":"Organization","@id":"https:\/\/192.168.1.117:8086\/#organization","name":"Acem Esclerosis","url":"https:\/\/192.168.1.117:8086\/","sameAs":[],"logo":{"@type":"ImageObject","@id":"https:\/\/192.168.1.117:8086\/#logo","inLanguage":"es","url":"https:\/\/acemesclerosis.org\/wp-content\/uploads\/2021\/09\/WhatsApp-Image-2021-09-27-at-14.06.43.jpeg","contentUrl":"https:\/\/acemesclerosis.org\/wp-content\/uploads\/2021\/09\/WhatsApp-Image-2021-09-27-at-14.06.43.jpeg","width":1600,"height":592,"caption":"Acem Esclerosis"},"image":{"@id":"https:\/\/192.168.1.117:8086\/#logo"}},{"@type":"WebSite","@id":"https:\/\/192.168.1.117:8086\/#website","url":"https:\/\/192.168.1.117:8086\/","name":"ACEM Esclerosis","description":"Asociaci\u00f3n Coru\u00f1esa de Esclerosis M\u00faltiple","publisher":{"@id":"https:\/\/192.168.1.117:8086\/#organization"},"potentialAction":[{"@type":"SearchAction","target":{"@type":"EntryPoint","urlTemplate":"https:\/\/192.168.1.117:8086\/?s={search_term_string}"},"query-input":"required name=search_term_string"}],"inLanguage":"es"},{"@type":"ImageObject","@id":"https:\/\/acemesclerosis.org\/?p=2271&lang=gl#primaryimage","inLanguage":"es","url":"https:\/\/acemesclerosis.org\/wp-content\/uploads\/2023\/07\/proximamente-scaled.jpg","contentUrl":"https:\/\/acemesclerosis.org\/wp-content\/uploads\/2023\/07\/proximamente-scaled.jpg","width":2560,"height":1854},{"@type":"WebPage","@id":"https:\/\/acemesclerosis.org\/?p=2271&lang=gl#webpage","url":"https:\/\/acemesclerosis.org\/?p=2271&lang=gl","name":"II Carreira Solidaria M\u00f3vomEmBetanzos - ACEM Esclerosis","isPartOf":{"@id":"https:\/\/192.168.1.117:8086\/#website"},"primaryImageOfPage":{"@id":"https:\/\/acemesclerosis.org\/?p=2271&lang=gl#primaryimage"},"datePublished":"2023-07-05T06:16:04+00:00","dateModified":"2023-09-05T09:11:29+00:00","breadcrumb":{"@id":"https:\/\/acemesclerosis.org\/?p=2271&lang=gl#breadcrumb"},"inLanguage":"es","potentialAction":[{"@type":"ReadAction","target":["https:\/\/acemesclerosis.org\/?p=2271&lang=gl"]}]},{"@type":"BreadcrumbList","@id":"https:\/\/acemesclerosis.org\/?p=2271&lang=gl#breadcrumb","itemListElement":[{"@type":"ListItem","position":1,"name":"Portada","item":"https:\/\/192.168.1.117:8086\/"},{"@type":"ListItem","position":2,"name":"II Carreira Solidaria M\u00f3vomEmBetanzos"}]},{"@type":["Article","BlogPosting"],"@id":"https:\/\/acemesclerosis.org\/?p=2271&lang=gl#article","isPartOf":{"@id":"https:\/\/acemesclerosis.org\/?p=2271&lang=gl#webpage"},"author":{"@id":"https:\/\/192.168.1.117:8086\/#\/schema\/person\/054bfdc58cb48a8b5899dcbdf2d388da"},"headline":"II Carreira Solidaria M\u00f3vomEmBetanzos","datePublished":"2023-07-05T06:16:04+00:00","dateModified":"2023-09-05T09:11:29+00:00","mainEntityOfPage":{"@id":"https:\/\/acemesclerosis.org\/?p=2271&lang=gl#webpage"},"wordCount":151,"commentCount":0,"publisher":{"@id":"https:\/\/192.168.1.117:8086\/#organization"},"image":{"@id":"https:\/\/acemesclerosis.org\/?p=2271&lang=gl#primaryimage"},"thumbnailUrl":"https:\/\/acemesclerosis.org\/wp-content\/uploads\/2023\/07\/proximamente-scaled.jpg","articleSection":["Actualidade","Eventos"],"inLanguage":"es","potentialAction":[{"@type":"CommentAction","name":"Comment","target":["https:\/\/acemesclerosis.org\/?p=2271&lang=gl#respond"]}]},{"@type":"Person","@id":"https:\/\/192.168.1.117:8086\/#\/schema\/person\/054bfdc58cb48a8b5899dcbdf2d388da","name":"acem","image":{"@type":"ImageObject","@id":"https:\/\/192.168.1.117:8086\/#personlogo","inLanguage":"es","url":"https:\/\/acemesclerosis.org\/wp-content\/uploads\/2025\/04\/avatar_user_2_1744704335-96x96.png","contentUrl":"https:\/\/acemesclerosis.org\/wp-content\/uploads\/2025\/04\/avatar_user_2_1744704335-96x96.png","caption":"acem"},"url":"https:\/\/acemesclerosis.org\/?author=2"}]}},"_links":{"self":[{"href":"https:\/\/acemesclerosis.org\/index.php?rest_route=\/wp\/v2\/posts\/2271","targetHints":{"allow":["GET"]}}],"collection":[{"href":"https:\/\/acemesclerosis.org\/index.php?rest_route=\/wp\/v2\/posts"}],"about":[{"href":"https:\/\/acemesclerosis.org\/index.php?rest_route=\/wp\/v2\/types\/post"}],"author":[{"embeddable":true,"href":"https:\/\/acemesclerosis.org\/index.php?rest_route=\/wp\/v2\/users\/2"}],"replies":[{"embeddable":true,"href":"https:\/\/acemesclerosis.org\/index.php?rest_route=%2Fwp%2Fv2%2Fcomments&post=2271"}],"version-history":[{"count":4,"href":"https:\/\/acemesclerosis.org\/index.php?rest_route=\/wp\/v2\/posts\/2271\/revisions"}],"predecessor-version":[{"id":2319,"href":"https:\/\/acemesclerosis.org\/index.php?rest_route=\/wp\/v2\/posts\/2271\/revisions\/2319"}],"wp:featuredmedia":[{"embeddable":true,"href":"https:\/\/acemesclerosis.org\/index.php?rest_route=\/wp\/v2\/media\/2272"}],"wp:attachment":[{"href":"https:\/\/acemesclerosis.org\/index.php?rest_route=%2Fwp%2Fv2%2Fmedia&parent=2271"}],"wp:term":[{"taxonomy":"category","embeddable":true,"href":"https:\/\/acemesclerosis.org\/index.php?rest_route=%2Fwp%2Fv2%2Fcategories&post=2271"},{"taxonomy":"post_tag","embeddable":true,"href":"https:\/\/acemesclerosis.org\/index.php?rest_route=%2Fwp%2Fv2%2Ftags&post=2271"}],"curies":[{"name":"wp","href":"https:\/\/api.w.org\/{rel}","templated":true}]}}