{"id":2960,"date":"2024-01-11T11:36:12","date_gmt":"2024-01-11T11:36:12","guid":{"rendered":"https:\/\/acemesclerosis.org\/?p=2960"},"modified":"2024-01-11T19:39:32","modified_gmt":"2024-01-11T19:39:32","slug":"programa-de-atencion-social-asesoramiento-y-atencion-especializada-2","status":"publish","type":"post","link":"https:\/\/acemesclerosis.org\/?p=2960","title":{"rendered":"Programa de Atenci\u00f3n Social, Asesoramiento y Atenci\u00f3n especializada"},"content":{"rendered":"\n<figure data-wp-context=\"{&quot;imageId&quot;:&quot;69f764c8bafe1&quot;}\" data-wp-interactive=\"core\/image\" data-wp-key=\"69f764c8bafe1\" class=\"wp-block-image size-large wp-lightbox-container\"><img loading=\"lazy\" decoding=\"async\" width=\"1024\" height=\"724\" data-wp-class--hide=\"state.isContentHidden\" data-wp-class--show=\"state.isContentVisible\" data-wp-init=\"callbacks.setButtonStyles\" data-wp-on--click=\"actions.showLightbox\" data-wp-on--load=\"callbacks.setButtonStyles\" data-wp-on-window--resize=\"callbacks.setButtonStyles\" src=\"https:\/\/acemesclerosis.org\/wp-content\/uploads\/2024\/01\/irpf-2023-1024x724.jpg\" alt=\"IRPF\" class=\"wp-image-2961\" srcset=\"https:\/\/acemesclerosis.org\/wp-content\/uploads\/2024\/01\/irpf-2023-1024x724.jpg 1024w, https:\/\/acemesclerosis.org\/wp-content\/uploads\/2024\/01\/irpf-2023-300x212.jpg 300w, https:\/\/acemesclerosis.org\/wp-content\/uploads\/2024\/01\/irpf-2023-768x543.jpg 768w, https:\/\/acemesclerosis.org\/wp-content\/uploads\/2024\/01\/irpf-2023-1536x1086.jpg 1536w, https:\/\/acemesclerosis.org\/wp-content\/uploads\/2024\/01\/irpf-2023.jpg 1754w\" sizes=\"auto, (max-width: 1024px) 100vw, 1024px\" \/><button\n\t\t\tclass=\"lightbox-trigger\"\n\t\t\ttype=\"button\"\n\t\t\taria-haspopup=\"dialog\"\n\t\t\taria-label=\"Agrandar\"\n\t\t\tdata-wp-init=\"callbacks.initTriggerButton\"\n\t\t\tdata-wp-on--click=\"actions.showLightbox\"\n\t\t\tdata-wp-style--right=\"state.imageButtonRight\"\n\t\t\tdata-wp-style--top=\"state.imageButtonTop\"\n\t\t>\n\t\t\t<svg xmlns=\"http:\/\/www.w3.org\/2000\/svg\" width=\"12\" height=\"12\" fill=\"none\" viewBox=\"0 0 12 12\">\n\t\t\t\t<path fill=\"#fff\" d=\"M2 0a2 2 0 0 0-2 2v2h1.5V2a.5.5 0 0 1 .5-.5h2V0H2Zm2 10.5H2a.5.5 0 0 1-.5-.5V8H0v2a2 2 0 0 0 2 2h2v-1.5ZM8 12v-1.5h2a.5.5 0 0 0 .5-.5V8H12v2a2 2 0 0 1-2 2H8Zm2-12a2 2 0 0 1 2 2v2h-1.5V2a.5.5 0 0 0-.5-.5H8V0h2Z\" \/>\n\t\t\t<\/svg>\n\t\t<\/button><\/figure>\n\n\n\n<p>ACEM realiz\u00f3 en el  2023 un Programa de Atenci\u00f3n social, asesoramiento  y atenci\u00f3n especializada&#8217; para personas con esclerosis m\u00faltiple del que se beneficiaron 8 personas gracias a \u2018X Solidaria\u2019<\/p>\n\n\n\n<p><strong>El programa fue posible gracias al cofinanciamiento de la<\/strong><a href=\"https:\/\/politicasocial.xunta.gal\/es\"><strong>\u00a0Xunta de Galicia\u00a0<\/strong><\/a><strong>a trav\u00e9s de los fondos del<\/strong><a href=\"https:\/\/www.xsolidaria.org\/\"><strong>\u00a00,7% del IRPF<\/strong><\/a><strong>\u00a0de la declaraci\u00f3n de la renta procedentes de las personas contribuyentes que marcaron la casilla de Actividades de inter\u00e9s general consideradas de inter\u00e9s social, conocida como la X Solidaria.<\/strong><\/p>\n\n\n\n<p>La&nbsp; <a href=\"https:\/\/esclerosismultiplegalicia.org\/index.php\">Asociaci\u00f3n Coru\u00f1esa de Esclerosis&nbsp;M\u00faltiple (ACEM)<\/a> realiz\u00f3 durante el 2023 el servicio de trabajo social a trav\u00e9s del programa de atenci\u00f3n social, asesoramiento y atenci\u00f3n especializada del que se beneficiaron 8 personas afectadas por esclerosis m\u00faltiple con un alto grado de discapacidad, siendo 3 hombres y 5 mujeres. &nbsp;<\/p>\n\n\n\n<p>A trav\u00e9s de este servicio se ofreci\u00f3 informaci\u00f3n, asesoramiento y ayuda en la tramitaci\u00f3n sobre distintos recursos de car\u00e1cter socioecon\u00f3mico y\/o laboral, a los que pueden acceder las personas con esclerosis m\u00faltiple. Mediante estas intervenciones se pretend\u00eda cubrir sus necesidades y minimizar aquellas dificultades con las que se encuentra la persona afectada en su d\u00eda a d\u00eda para lograr una mejora en su calidad de vida.<\/p>\n\n\n\n<p>Este programa fue posible llevarlo a cabo gracias al cofinanciamiento de la Xunta de Galicia procedente de la subvenci\u00f3n destinada a la realizaci\u00f3n de programas de inter\u00e9s general para fines de car\u00e1cter social, con cargo al 0,7 % do IRPF la cual es gestionada por la Confederaci\u00f3n Gallega de Personas con Discapacidad (COGAMI).<\/p>\n","protected":false},"excerpt":{"rendered":"<p>El programa fue posible gracias al cofinanciamiento de la\u00a0Xunta de Galicia\u00a0a trav\u00e9s de los fondos del\u00a00,7% del IRPF\u00a0de la declaraci\u00f3n de la renta procedentes de las personas contribuyentes que marcaron la casilla de Actividades de inter\u00e9s general consideradas de inter\u00e9s social, conocida como la X Solidaria.<\/p>\n","protected":false},"author":2,"featured_media":2963,"comment_status":"open","ping_status":"open","sticky":false,"template":"","format":"standard","meta":{"footnotes":""},"categories":[18,17],"tags":[96],"class_list":["post-2960","post","type-post","status-publish","format-standard","has-post-thumbnail","hentry","category-actualidad","category-eventos","tag-programa-de-atencion-social"],"yoast_head":"<!-- This site is optimized with the Yoast SEO plugin v17.9 - https:\/\/yoast.com\/wordpress\/plugins\/seo\/ -->\n<title>Programa de Atenci\u00f3n Social, Asesoramiento y Atenci\u00f3n especializada - ACEM Esclerosis<\/title>\n<meta name=\"description\" content=\"El programa fue posible gracias al cofinanciamiento de la\u00a0Xunta de Galicia\u00a0a trav\u00e9s de los fondos del\u00a00,7% del IRPF\u00a0de la declaraci\u00f3n de la renta procedentes de las personas contribuyentes que marcaron la casilla de Actividades de inter\u00e9s general consideradas de inter\u00e9s social, conocida como la X Solidaria.\" \/>\n<meta name=\"robots\" content=\"index, follow, max-snippet:-1, max-image-preview:large, max-video-preview:-1\" \/>\n<link rel=\"canonical\" href=\"https:\/\/acemesclerosis.org\/?p=2960\" \/>\n<meta property=\"og:locale\" content=\"es_ES\" \/>\n<meta property=\"og:type\" content=\"article\" \/>\n<meta property=\"og:title\" content=\"Programa de Atenci\u00f3n Social, Asesoramiento y Atenci\u00f3n especializada - ACEM Esclerosis\" \/>\n<meta property=\"og:description\" content=\"El programa fue posible gracias al cofinanciamiento de la\u00a0Xunta de Galicia\u00a0a trav\u00e9s de los fondos del\u00a00,7% del IRPF\u00a0de la declaraci\u00f3n de la renta procedentes de las personas contribuyentes que marcaron la casilla de Actividades de inter\u00e9s general consideradas de inter\u00e9s social, conocida como la X Solidaria.\" \/>\n<meta property=\"og:url\" content=\"https:\/\/acemesclerosis.org\/?p=2960\" \/>\n<meta property=\"og:site_name\" content=\"ACEM Esclerosis\" \/>\n<meta property=\"article:published_time\" content=\"2024-01-11T11:36:12+00:00\" \/>\n<meta property=\"article:modified_time\" content=\"2024-01-11T19:39:32+00:00\" \/>\n<meta property=\"og:image\" content=\"https:\/\/acemesclerosis.org\/wp-content\/uploads\/2024\/01\/PHOTO-2023-12-29-10-37-40.jpg\" \/>\n\t<meta property=\"og:image:width\" content=\"1024\" \/>\n\t<meta property=\"og:image:height\" content=\"768\" \/>\n\t<meta property=\"og:image:type\" content=\"image\/jpeg\" \/>\n<meta name=\"twitter:card\" content=\"summary_large_image\" \/>\n<meta name=\"twitter:label1\" content=\"Escrito por\" \/>\n\t<meta name=\"twitter:data1\" content=\"acem\" \/>\n\t<meta name=\"twitter:label2\" content=\"Tiempo de lectura\" \/>\n\t<meta name=\"twitter:data2\" content=\"1 minuto\" \/>\n<script type=\"application\/ld+json\" class=\"yoast-schema-graph\">{\"@context\":\"https:\/\/schema.org\",\"@graph\":[{\"@type\":\"Organization\",\"@id\":\"https:\/\/192.168.1.117:8086\/#organization\",\"name\":\"Acem Esclerosis\",\"url\":\"https:\/\/192.168.1.117:8086\/\",\"sameAs\":[],\"logo\":{\"@type\":\"ImageObject\",\"@id\":\"https:\/\/192.168.1.117:8086\/#logo\",\"inLanguage\":\"es\",\"url\":\"https:\/\/acemesclerosis.org\/wp-content\/uploads\/2021\/09\/WhatsApp-Image-2021-09-27-at-14.06.43.jpeg\",\"contentUrl\":\"https:\/\/acemesclerosis.org\/wp-content\/uploads\/2021\/09\/WhatsApp-Image-2021-09-27-at-14.06.43.jpeg\",\"width\":1600,\"height\":592,\"caption\":\"Acem Esclerosis\"},\"image\":{\"@id\":\"https:\/\/192.168.1.117:8086\/#logo\"}},{\"@type\":\"WebSite\",\"@id\":\"https:\/\/192.168.1.117:8086\/#website\",\"url\":\"https:\/\/192.168.1.117:8086\/\",\"name\":\"ACEM Esclerosis\",\"description\":\"Asociaci\\u00f3n Coru\\u00f1esa de Esclerosis M\\u00faltiple\",\"publisher\":{\"@id\":\"https:\/\/192.168.1.117:8086\/#organization\"},\"potentialAction\":[{\"@type\":\"SearchAction\",\"target\":{\"@type\":\"EntryPoint\",\"urlTemplate\":\"https:\/\/192.168.1.117:8086\/?s={search_term_string}\"},\"query-input\":\"required name=search_term_string\"}],\"inLanguage\":\"es\"},{\"@type\":\"ImageObject\",\"@id\":\"https:\/\/acemesclerosis.org\/?p=2960#primaryimage\",\"inLanguage\":\"es\",\"url\":\"https:\/\/acemesclerosis.org\/wp-content\/uploads\/2024\/01\/PHOTO-2023-12-29-10-37-40.jpg\",\"contentUrl\":\"https:\/\/acemesclerosis.org\/wp-content\/uploads\/2024\/01\/PHOTO-2023-12-29-10-37-40.jpg\",\"width\":1024,\"height\":768},{\"@type\":\"WebPage\",\"@id\":\"https:\/\/acemesclerosis.org\/?p=2960#webpage\",\"url\":\"https:\/\/acemesclerosis.org\/?p=2960\",\"name\":\"Programa de Atenci\\u00f3n Social, Asesoramiento y Atenci\\u00f3n especializada - ACEM Esclerosis\",\"isPartOf\":{\"@id\":\"https:\/\/192.168.1.117:8086\/#website\"},\"primaryImageOfPage\":{\"@id\":\"https:\/\/acemesclerosis.org\/?p=2960#primaryimage\"},\"datePublished\":\"2024-01-11T11:36:12+00:00\",\"dateModified\":\"2024-01-11T19:39:32+00:00\",\"description\":\"El programa fue posible gracias al cofinanciamiento de la\\u00a0Xunta de Galicia\\u00a0a trav\\u00e9s de los fondos del\\u00a00,7% del IRPF\\u00a0de la declaraci\\u00f3n de la renta procedentes de las personas contribuyentes que marcaron la casilla de Actividades de inter\\u00e9s general consideradas de inter\\u00e9s social, conocida como la X Solidaria.\",\"breadcrumb\":{\"@id\":\"https:\/\/acemesclerosis.org\/?p=2960#breadcrumb\"},\"inLanguage\":\"es\",\"potentialAction\":[{\"@type\":\"ReadAction\",\"target\":[\"https:\/\/acemesclerosis.org\/?p=2960\"]}]},{\"@type\":\"BreadcrumbList\",\"@id\":\"https:\/\/acemesclerosis.org\/?p=2960#breadcrumb\",\"itemListElement\":[{\"@type\":\"ListItem\",\"position\":1,\"name\":\"Portada\",\"item\":\"https:\/\/192.168.1.117:8086\/\"},{\"@type\":\"ListItem\",\"position\":2,\"name\":\"Programa de Atenci\\u00f3n Social, Asesoramiento y Atenci\\u00f3n especializada\"}]},{\"@type\":[\"Article\",\"BlogPosting\"],\"@id\":\"https:\/\/acemesclerosis.org\/?p=2960#article\",\"isPartOf\":{\"@id\":\"https:\/\/acemesclerosis.org\/?p=2960#webpage\"},\"author\":{\"@id\":\"https:\/\/192.168.1.117:8086\/#\/schema\/person\/054bfdc58cb48a8b5899dcbdf2d388da\"},\"headline\":\"Programa de Atenci\\u00f3n Social, Asesoramiento y Atenci\\u00f3n especializada\",\"datePublished\":\"2024-01-11T11:36:12+00:00\",\"dateModified\":\"2024-01-11T19:39:32+00:00\",\"mainEntityOfPage\":{\"@id\":\"https:\/\/acemesclerosis.org\/?p=2960#webpage\"},\"wordCount\":280,\"commentCount\":0,\"publisher\":{\"@id\":\"https:\/\/192.168.1.117:8086\/#organization\"},\"image\":{\"@id\":\"https:\/\/acemesclerosis.org\/?p=2960#primaryimage\"},\"thumbnailUrl\":\"https:\/\/acemesclerosis.org\/wp-content\/uploads\/2024\/01\/PHOTO-2023-12-29-10-37-40.jpg\",\"keywords\":[\"Programa de Atenci\\u00f3n Social\"],\"articleSection\":[\"Actualidad\",\"Eventos\"],\"inLanguage\":\"es\",\"potentialAction\":[{\"@type\":\"CommentAction\",\"name\":\"Comment\",\"target\":[\"https:\/\/acemesclerosis.org\/?p=2960#respond\"]}]},{\"@type\":\"Person\",\"@id\":\"https:\/\/192.168.1.117:8086\/#\/schema\/person\/054bfdc58cb48a8b5899dcbdf2d388da\",\"name\":\"acem\",\"image\":{\"@type\":\"ImageObject\",\"@id\":\"https:\/\/192.168.1.117:8086\/#personlogo\",\"inLanguage\":\"es\",\"url\":\"https:\/\/acemesclerosis.org\/wp-content\/uploads\/2025\/04\/avatar_user_2_1744704335-96x96.png\",\"contentUrl\":\"https:\/\/acemesclerosis.org\/wp-content\/uploads\/2025\/04\/avatar_user_2_1744704335-96x96.png\",\"caption\":\"acem\"},\"url\":\"https:\/\/acemesclerosis.org\/?author=2\"}]}<\/script>\n<!-- \/ Yoast SEO plugin. -->","yoast_head_json":{"title":"Programa de Atenci\u00f3n Social, Asesoramiento y Atenci\u00f3n especializada - ACEM Esclerosis","description":"El programa fue posible gracias al cofinanciamiento de la\u00a0Xunta de Galicia\u00a0a trav\u00e9s de los fondos del\u00a00,7% del IRPF\u00a0de la declaraci\u00f3n de la renta procedentes de las personas contribuyentes que marcaron la casilla de Actividades de inter\u00e9s general consideradas de inter\u00e9s social, conocida como la X Solidaria.","robots":{"index":"index","follow":"follow","max-snippet":"max-snippet:-1","max-image-preview":"max-image-preview:large","max-video-preview":"max-video-preview:-1"},"canonical":"https:\/\/acemesclerosis.org\/?p=2960","og_locale":"es_ES","og_type":"article","og_title":"Programa de Atenci\u00f3n Social, Asesoramiento y Atenci\u00f3n especializada - ACEM Esclerosis","og_description":"El programa fue posible gracias al cofinanciamiento de la\u00a0Xunta de Galicia\u00a0a trav\u00e9s de los fondos del\u00a00,7% del IRPF\u00a0de la declaraci\u00f3n de la renta procedentes de las personas contribuyentes que marcaron la casilla de Actividades de inter\u00e9s general consideradas de inter\u00e9s social, conocida como la X Solidaria.","og_url":"https:\/\/acemesclerosis.org\/?p=2960","og_site_name":"ACEM Esclerosis","article_published_time":"2024-01-11T11:36:12+00:00","article_modified_time":"2024-01-11T19:39:32+00:00","og_image":[{"width":1024,"height":768,"url":"https:\/\/acemesclerosis.org\/wp-content\/uploads\/2024\/01\/PHOTO-2023-12-29-10-37-40.jpg","type":"image\/jpeg"}],"twitter_card":"summary_large_image","twitter_misc":{"Escrito por":"acem","Tiempo de lectura":"1 minuto"},"schema":{"@context":"https:\/\/schema.org","@graph":[{"@type":"Organization","@id":"https:\/\/192.168.1.117:8086\/#organization","name":"Acem Esclerosis","url":"https:\/\/192.168.1.117:8086\/","sameAs":[],"logo":{"@type":"ImageObject","@id":"https:\/\/192.168.1.117:8086\/#logo","inLanguage":"es","url":"https:\/\/acemesclerosis.org\/wp-content\/uploads\/2021\/09\/WhatsApp-Image-2021-09-27-at-14.06.43.jpeg","contentUrl":"https:\/\/acemesclerosis.org\/wp-content\/uploads\/2021\/09\/WhatsApp-Image-2021-09-27-at-14.06.43.jpeg","width":1600,"height":592,"caption":"Acem Esclerosis"},"image":{"@id":"https:\/\/192.168.1.117:8086\/#logo"}},{"@type":"WebSite","@id":"https:\/\/192.168.1.117:8086\/#website","url":"https:\/\/192.168.1.117:8086\/","name":"ACEM Esclerosis","description":"Asociaci\u00f3n Coru\u00f1esa de Esclerosis M\u00faltiple","publisher":{"@id":"https:\/\/192.168.1.117:8086\/#organization"},"potentialAction":[{"@type":"SearchAction","target":{"@type":"EntryPoint","urlTemplate":"https:\/\/192.168.1.117:8086\/?s={search_term_string}"},"query-input":"required name=search_term_string"}],"inLanguage":"es"},{"@type":"ImageObject","@id":"https:\/\/acemesclerosis.org\/?p=2960#primaryimage","inLanguage":"es","url":"https:\/\/acemesclerosis.org\/wp-content\/uploads\/2024\/01\/PHOTO-2023-12-29-10-37-40.jpg","contentUrl":"https:\/\/acemesclerosis.org\/wp-content\/uploads\/2024\/01\/PHOTO-2023-12-29-10-37-40.jpg","width":1024,"height":768},{"@type":"WebPage","@id":"https:\/\/acemesclerosis.org\/?p=2960#webpage","url":"https:\/\/acemesclerosis.org\/?p=2960","name":"Programa de Atenci\u00f3n Social, Asesoramiento y Atenci\u00f3n especializada - ACEM Esclerosis","isPartOf":{"@id":"https:\/\/192.168.1.117:8086\/#website"},"primaryImageOfPage":{"@id":"https:\/\/acemesclerosis.org\/?p=2960#primaryimage"},"datePublished":"2024-01-11T11:36:12+00:00","dateModified":"2024-01-11T19:39:32+00:00","description":"El programa fue posible gracias al cofinanciamiento de la\u00a0Xunta de Galicia\u00a0a trav\u00e9s de los fondos del\u00a00,7% del IRPF\u00a0de la declaraci\u00f3n de la renta procedentes de las personas contribuyentes que marcaron la casilla de Actividades de inter\u00e9s general consideradas de inter\u00e9s social, conocida como la X Solidaria.","breadcrumb":{"@id":"https:\/\/acemesclerosis.org\/?p=2960#breadcrumb"},"inLanguage":"es","potentialAction":[{"@type":"ReadAction","target":["https:\/\/acemesclerosis.org\/?p=2960"]}]},{"@type":"BreadcrumbList","@id":"https:\/\/acemesclerosis.org\/?p=2960#breadcrumb","itemListElement":[{"@type":"ListItem","position":1,"name":"Portada","item":"https:\/\/192.168.1.117:8086\/"},{"@type":"ListItem","position":2,"name":"Programa de Atenci\u00f3n Social, Asesoramiento y Atenci\u00f3n especializada"}]},{"@type":["Article","BlogPosting"],"@id":"https:\/\/acemesclerosis.org\/?p=2960#article","isPartOf":{"@id":"https:\/\/acemesclerosis.org\/?p=2960#webpage"},"author":{"@id":"https:\/\/192.168.1.117:8086\/#\/schema\/person\/054bfdc58cb48a8b5899dcbdf2d388da"},"headline":"Programa de Atenci\u00f3n Social, Asesoramiento y Atenci\u00f3n especializada","datePublished":"2024-01-11T11:36:12+00:00","dateModified":"2024-01-11T19:39:32+00:00","mainEntityOfPage":{"@id":"https:\/\/acemesclerosis.org\/?p=2960#webpage"},"wordCount":280,"commentCount":0,"publisher":{"@id":"https:\/\/192.168.1.117:8086\/#organization"},"image":{"@id":"https:\/\/acemesclerosis.org\/?p=2960#primaryimage"},"thumbnailUrl":"https:\/\/acemesclerosis.org\/wp-content\/uploads\/2024\/01\/PHOTO-2023-12-29-10-37-40.jpg","keywords":["Programa de Atenci\u00f3n Social"],"articleSection":["Actualidad","Eventos"],"inLanguage":"es","potentialAction":[{"@type":"CommentAction","name":"Comment","target":["https:\/\/acemesclerosis.org\/?p=2960#respond"]}]},{"@type":"Person","@id":"https:\/\/192.168.1.117:8086\/#\/schema\/person\/054bfdc58cb48a8b5899dcbdf2d388da","name":"acem","image":{"@type":"ImageObject","@id":"https:\/\/192.168.1.117:8086\/#personlogo","inLanguage":"es","url":"https:\/\/acemesclerosis.org\/wp-content\/uploads\/2025\/04\/avatar_user_2_1744704335-96x96.png","contentUrl":"https:\/\/acemesclerosis.org\/wp-content\/uploads\/2025\/04\/avatar_user_2_1744704335-96x96.png","caption":"acem"},"url":"https:\/\/acemesclerosis.org\/?author=2"}]}},"_links":{"self":[{"href":"https:\/\/acemesclerosis.org\/index.php?rest_route=\/wp\/v2\/posts\/2960","targetHints":{"allow":["GET"]}}],"collection":[{"href":"https:\/\/acemesclerosis.org\/index.php?rest_route=\/wp\/v2\/posts"}],"about":[{"href":"https:\/\/acemesclerosis.org\/index.php?rest_route=\/wp\/v2\/types\/post"}],"author":[{"embeddable":true,"href":"https:\/\/acemesclerosis.org\/index.php?rest_route=\/wp\/v2\/users\/2"}],"replies":[{"embeddable":true,"href":"https:\/\/acemesclerosis.org\/index.php?rest_route=%2Fwp%2Fv2%2Fcomments&post=2960"}],"version-history":[{"count":4,"href":"https:\/\/acemesclerosis.org\/index.php?rest_route=\/wp\/v2\/posts\/2960\/revisions"}],"predecessor-version":[{"id":2980,"href":"https:\/\/acemesclerosis.org\/index.php?rest_route=\/wp\/v2\/posts\/2960\/revisions\/2980"}],"wp:featuredmedia":[{"embeddable":true,"href":"https:\/\/acemesclerosis.org\/index.php?rest_route=\/wp\/v2\/media\/2963"}],"wp:attachment":[{"href":"https:\/\/acemesclerosis.org\/index.php?rest_route=%2Fwp%2Fv2%2Fmedia&parent=2960"}],"wp:term":[{"taxonomy":"category","embeddable":true,"href":"https:\/\/acemesclerosis.org\/index.php?rest_route=%2Fwp%2Fv2%2Fcategories&post=2960"},{"taxonomy":"post_tag","embeddable":true,"href":"https:\/\/acemesclerosis.org\/index.php?rest_route=%2Fwp%2Fv2%2Ftags&post=2960"}],"curies":[{"name":"wp","href":"https:\/\/api.w.org\/{rel}","templated":true}]}}