{"id":3551,"date":"2024-05-27T06:09:48","date_gmt":"2024-05-27T06:09:48","guid":{"rendered":"https:\/\/acemesclerosis.org\/?p=3551"},"modified":"2024-05-27T06:10:10","modified_gmt":"2024-05-27T06:10:10","slug":"dia-mundial-em","status":"publish","type":"post","link":"https:\/\/acemesclerosis.org\/?p=3551","title":{"rendered":"D\u00eda Mundial EM"},"content":{"rendered":"\n<figure class=\"wp-block-image size-large\"><img loading=\"lazy\" decoding=\"async\" width=\"1024\" height=\"1024\" src=\"https:\/\/acemesclerosis.org\/wp-content\/uploads\/2024\/05\/441572216_457131626971584_2301092764752571123_n-1-1024x1024.jpg\" alt=\"\" class=\"wp-image-3552\" srcset=\"https:\/\/acemesclerosis.org\/wp-content\/uploads\/2024\/05\/441572216_457131626971584_2301092764752571123_n-1-1024x1024.jpg 1024w, https:\/\/acemesclerosis.org\/wp-content\/uploads\/2024\/05\/441572216_457131626971584_2301092764752571123_n-1-300x300.jpg 300w, https:\/\/acemesclerosis.org\/wp-content\/uploads\/2024\/05\/441572216_457131626971584_2301092764752571123_n-1-150x150.jpg 150w, https:\/\/acemesclerosis.org\/wp-content\/uploads\/2024\/05\/441572216_457131626971584_2301092764752571123_n-1-768x768.jpg 768w, https:\/\/acemesclerosis.org\/wp-content\/uploads\/2024\/05\/441572216_457131626971584_2301092764752571123_n-1.jpg 1080w\" sizes=\"auto, (max-width: 1024px) 100vw, 1024px\" \/><\/figure>\n\n\n\n<p> El pr\u00f3ximo 30 de mayo se conmemora el d\u00eda mundial de la EM para sensibilizar y visibilizar la enfermedad.<\/p>\n\n\n\n<p>Desde ACEM vamos a colocar mesas informativas por varios Ayuntamientos del \u00e1rea sanitaria de A Coru\u00f1a y Cee.<\/p>\n\n\n\n<p><img loading=\"lazy\" decoding=\"async\" height=\"16\" width=\"16\" alt=\"\u270f\ufe0f\" src=\"https:\/\/static.xx.fbcdn.net\/images\/emoji.php\/v9\/te4\/1\/16\/270f.png\"> Apunta cu\u00e1l te queda m\u00e1s cerca y no dudes en venir a conocernos.<\/p>\n\n\n\n<p>Para <a><\/a>m\u00e1s informaci\u00f3n puedes contactar en los <img loading=\"lazy\" decoding=\"async\" height=\"16\" width=\"16\" alt=\"\ud83d\udcde\" src=\"https:\/\/static.xx.fbcdn.net\/images\/emoji.php\/v9\/t4d\/1\/16\/1f4de.png\"> 981240985\/ 677477495 o en el correo acem@acemesclerosis.org<\/p>\n\n\n\n<p><a href=\"https:\/\/www.facebook.com\/hashtag\/esclerosism%C3%BAltiple?__eep__=6&amp;__cft__[0]=AZUkSRTW6Bq0SlB9zermaP_U09RkJgM9Y8ZSDsmskATWcfkf7FmWFftGeaNsOTutaffwl72i2p9jrurbieBf6CaUo48rK2afvsYM1YjDszOYoYOIdQBfmqX1_6orIz3gaB35_Xu_xEoBJ0Y7h6aywzsjaTDFPkJq9JwPP_aHrXfoQOzrRvxLQCf4gQQLsguDkVPYa5WgI9vhf0SIgE7yrTeq&amp;__tn__=*NK-R\">#EsclerosisM\u00faltiple<\/a><a href=\"https:\/\/www.facebook.com\/hashtag\/coru%C3%B1a?__eep__=6&amp;__cft__[0]=AZUkSRTW6Bq0SlB9zermaP_U09RkJgM9Y8ZSDsmskATWcfkf7FmWFftGeaNsOTutaffwl72i2p9jrurbieBf6CaUo48rK2afvsYM1YjDszOYoYOIdQBfmqX1_6orIz3gaB35_Xu_xEoBJ0Y7h6aywzsjaTDFPkJq9JwPP_aHrXfoQOzrRvxLQCf4gQQLsguDkVPYa5WgI9vhf0SIgE7yrTeq&amp;__tn__=*NK-R\">#Coru\u00f1a<\/a><a href=\"https:\/\/www.facebook.com\/hashtag\/d%C3%ADamundialem?__eep__=6&amp;__cft__[0]=AZUkSRTW6Bq0SlB9zermaP_U09RkJgM9Y8ZSDsmskATWcfkf7FmWFftGeaNsOTutaffwl72i2p9jrurbieBf6CaUo48rK2afvsYM1YjDszOYoYOIdQBfmqX1_6orIz3gaB35_Xu_xEoBJ0Y7h6aywzsjaTDFPkJq9JwPP_aHrXfoQOzrRvxLQCf4gQQLsguDkVPYa5WgI9vhf0SIgE7yrTeq&amp;__tn__=*NK-R\">#D\u00edaMundialEM<\/a><\/p>\n","protected":false},"excerpt":{"rendered":"<p>El pr\u00f3ximo 30 de mayo se conmemora el d\u00eda mundial de la EM para sensibilizar y visibilizar la enfermedad. Desde ACEM vamos a colocar mesas informativas por varios Ayuntamientos del \u00e1rea sanitaria de A Coru\u00f1a y Cee.<\/p>\n","protected":false},"author":2,"featured_media":3552,"comment_status":"open","ping_status":"open","sticky":false,"template":"","format":"standard","meta":{"footnotes":""},"categories":[18,17],"tags":[],"class_list":["post-3551","post","type-post","status-publish","format-standard","has-post-thumbnail","hentry","category-actualidad","category-eventos"],"yoast_head":"<!-- This site is optimized with the Yoast SEO plugin v17.9 - https:\/\/yoast.com\/wordpress\/plugins\/seo\/ -->\n<title>D\u00eda Mundial EM - ACEM Esclerosis<\/title>\n<meta name=\"description\" content=\"El pr\u00f3ximo 30 de mayo se conmemora el d\u00eda mundial de la EM para sensibilizar y visibilizar la enfermedad. Desde ACEM vamos a colocar mesas informativas por varios Ayuntamientos del \u00e1rea sanitaria de A Coru\u00f1a y Cee.\" \/>\n<meta name=\"robots\" content=\"index, follow, max-snippet:-1, max-image-preview:large, max-video-preview:-1\" \/>\n<link rel=\"canonical\" href=\"https:\/\/acemesclerosis.org\/?p=3551\" \/>\n<meta property=\"og:locale\" content=\"es_ES\" \/>\n<meta property=\"og:type\" content=\"article\" \/>\n<meta property=\"og:title\" content=\"D\u00eda Mundial EM - ACEM Esclerosis\" \/>\n<meta property=\"og:description\" content=\"El pr\u00f3ximo 30 de mayo se conmemora el d\u00eda mundial de la EM para sensibilizar y visibilizar la enfermedad. Desde ACEM vamos a colocar mesas informativas por varios Ayuntamientos del \u00e1rea sanitaria de A Coru\u00f1a y Cee.\" \/>\n<meta property=\"og:url\" content=\"https:\/\/acemesclerosis.org\/?p=3551\" \/>\n<meta property=\"og:site_name\" content=\"ACEM Esclerosis\" \/>\n<meta property=\"article:published_time\" content=\"2024-05-27T06:09:48+00:00\" \/>\n<meta property=\"article:modified_time\" content=\"2024-05-27T06:10:10+00:00\" \/>\n<meta property=\"og:image\" content=\"https:\/\/acemesclerosis.org\/wp-content\/uploads\/2024\/05\/441572216_457131626971584_2301092764752571123_n-1.jpg\" \/>\n\t<meta property=\"og:image:width\" content=\"1080\" \/>\n\t<meta property=\"og:image:height\" content=\"1080\" \/>\n\t<meta property=\"og:image:type\" content=\"image\/jpeg\" \/>\n<meta name=\"twitter:card\" content=\"summary_large_image\" \/>\n<meta name=\"twitter:label1\" content=\"Escrito por\" \/>\n\t<meta name=\"twitter:data1\" content=\"acem\" \/>\n<script type=\"application\/ld+json\" class=\"yoast-schema-graph\">{\"@context\":\"https:\/\/schema.org\",\"@graph\":[{\"@type\":\"Organization\",\"@id\":\"https:\/\/192.168.1.117:8086\/#organization\",\"name\":\"Acem Esclerosis\",\"url\":\"https:\/\/192.168.1.117:8086\/\",\"sameAs\":[],\"logo\":{\"@type\":\"ImageObject\",\"@id\":\"https:\/\/192.168.1.117:8086\/#logo\",\"inLanguage\":\"es\",\"url\":\"https:\/\/acemesclerosis.org\/wp-content\/uploads\/2021\/09\/WhatsApp-Image-2021-09-27-at-14.06.43.jpeg\",\"contentUrl\":\"https:\/\/acemesclerosis.org\/wp-content\/uploads\/2021\/09\/WhatsApp-Image-2021-09-27-at-14.06.43.jpeg\",\"width\":1600,\"height\":592,\"caption\":\"Acem Esclerosis\"},\"image\":{\"@id\":\"https:\/\/192.168.1.117:8086\/#logo\"}},{\"@type\":\"WebSite\",\"@id\":\"https:\/\/192.168.1.117:8086\/#website\",\"url\":\"https:\/\/192.168.1.117:8086\/\",\"name\":\"ACEM Esclerosis\",\"description\":\"Asociaci\\u00f3n Coru\\u00f1esa de Esclerosis M\\u00faltiple\",\"publisher\":{\"@id\":\"https:\/\/192.168.1.117:8086\/#organization\"},\"potentialAction\":[{\"@type\":\"SearchAction\",\"target\":{\"@type\":\"EntryPoint\",\"urlTemplate\":\"https:\/\/192.168.1.117:8086\/?s={search_term_string}\"},\"query-input\":\"required name=search_term_string\"}],\"inLanguage\":\"es\"},{\"@type\":\"ImageObject\",\"@id\":\"https:\/\/acemesclerosis.org\/?p=3551#primaryimage\",\"inLanguage\":\"es\",\"url\":\"https:\/\/acemesclerosis.org\/wp-content\/uploads\/2024\/05\/441572216_457131626971584_2301092764752571123_n-1.jpg\",\"contentUrl\":\"https:\/\/acemesclerosis.org\/wp-content\/uploads\/2024\/05\/441572216_457131626971584_2301092764752571123_n-1.jpg\",\"width\":1080,\"height\":1080},{\"@type\":\"WebPage\",\"@id\":\"https:\/\/acemesclerosis.org\/?p=3551#webpage\",\"url\":\"https:\/\/acemesclerosis.org\/?p=3551\",\"name\":\"D\\u00eda Mundial EM - ACEM Esclerosis\",\"isPartOf\":{\"@id\":\"https:\/\/192.168.1.117:8086\/#website\"},\"primaryImageOfPage\":{\"@id\":\"https:\/\/acemesclerosis.org\/?p=3551#primaryimage\"},\"datePublished\":\"2024-05-27T06:09:48+00:00\",\"dateModified\":\"2024-05-27T06:10:10+00:00\",\"description\":\"El pr\\u00f3ximo 30 de mayo se conmemora el d\\u00eda mundial de la EM para sensibilizar y visibilizar la enfermedad. Desde ACEM vamos a colocar mesas informativas por varios Ayuntamientos del \\u00e1rea sanitaria de A Coru\\u00f1a y Cee.\",\"breadcrumb\":{\"@id\":\"https:\/\/acemesclerosis.org\/?p=3551#breadcrumb\"},\"inLanguage\":\"es\",\"potentialAction\":[{\"@type\":\"ReadAction\",\"target\":[\"https:\/\/acemesclerosis.org\/?p=3551\"]}]},{\"@type\":\"BreadcrumbList\",\"@id\":\"https:\/\/acemesclerosis.org\/?p=3551#breadcrumb\",\"itemListElement\":[{\"@type\":\"ListItem\",\"position\":1,\"name\":\"Portada\",\"item\":\"https:\/\/192.168.1.117:8086\/\"},{\"@type\":\"ListItem\",\"position\":2,\"name\":\"D\\u00eda Mundial EM\"}]},{\"@type\":[\"Article\",\"BlogPosting\"],\"@id\":\"https:\/\/acemesclerosis.org\/?p=3551#article\",\"isPartOf\":{\"@id\":\"https:\/\/acemesclerosis.org\/?p=3551#webpage\"},\"author\":{\"@id\":\"https:\/\/192.168.1.117:8086\/#\/schema\/person\/054bfdc58cb48a8b5899dcbdf2d388da\"},\"headline\":\"D\\u00eda Mundial EM\",\"datePublished\":\"2024-05-27T06:09:48+00:00\",\"dateModified\":\"2024-05-27T06:10:10+00:00\",\"mainEntityOfPage\":{\"@id\":\"https:\/\/acemesclerosis.org\/?p=3551#webpage\"},\"wordCount\":80,\"commentCount\":0,\"publisher\":{\"@id\":\"https:\/\/192.168.1.117:8086\/#organization\"},\"image\":{\"@id\":\"https:\/\/acemesclerosis.org\/?p=3551#primaryimage\"},\"thumbnailUrl\":\"https:\/\/acemesclerosis.org\/wp-content\/uploads\/2024\/05\/441572216_457131626971584_2301092764752571123_n-1.jpg\",\"articleSection\":[\"Actualidad\",\"Eventos\"],\"inLanguage\":\"es\",\"potentialAction\":[{\"@type\":\"CommentAction\",\"name\":\"Comment\",\"target\":[\"https:\/\/acemesclerosis.org\/?p=3551#respond\"]}]},{\"@type\":\"Person\",\"@id\":\"https:\/\/192.168.1.117:8086\/#\/schema\/person\/054bfdc58cb48a8b5899dcbdf2d388da\",\"name\":\"acem\",\"image\":{\"@type\":\"ImageObject\",\"@id\":\"https:\/\/192.168.1.117:8086\/#personlogo\",\"inLanguage\":\"es\",\"url\":\"https:\/\/acemesclerosis.org\/wp-content\/uploads\/2025\/04\/avatar_user_2_1744704335-96x96.png\",\"contentUrl\":\"https:\/\/acemesclerosis.org\/wp-content\/uploads\/2025\/04\/avatar_user_2_1744704335-96x96.png\",\"caption\":\"acem\"},\"url\":\"https:\/\/acemesclerosis.org\/?author=2\"}]}<\/script>\n<!-- \/ Yoast SEO plugin. -->","yoast_head_json":{"title":"D\u00eda Mundial EM - ACEM Esclerosis","description":"El pr\u00f3ximo 30 de mayo se conmemora el d\u00eda mundial de la EM para sensibilizar y visibilizar la enfermedad. Desde ACEM vamos a colocar mesas informativas por varios Ayuntamientos del \u00e1rea sanitaria de A Coru\u00f1a y Cee.","robots":{"index":"index","follow":"follow","max-snippet":"max-snippet:-1","max-image-preview":"max-image-preview:large","max-video-preview":"max-video-preview:-1"},"canonical":"https:\/\/acemesclerosis.org\/?p=3551","og_locale":"es_ES","og_type":"article","og_title":"D\u00eda Mundial EM - ACEM Esclerosis","og_description":"El pr\u00f3ximo 30 de mayo se conmemora el d\u00eda mundial de la EM para sensibilizar y visibilizar la enfermedad. Desde ACEM vamos a colocar mesas informativas por varios Ayuntamientos del \u00e1rea sanitaria de A Coru\u00f1a y Cee.","og_url":"https:\/\/acemesclerosis.org\/?p=3551","og_site_name":"ACEM Esclerosis","article_published_time":"2024-05-27T06:09:48+00:00","article_modified_time":"2024-05-27T06:10:10+00:00","og_image":[{"width":1080,"height":1080,"url":"https:\/\/acemesclerosis.org\/wp-content\/uploads\/2024\/05\/441572216_457131626971584_2301092764752571123_n-1.jpg","type":"image\/jpeg"}],"twitter_card":"summary_large_image","twitter_misc":{"Escrito por":"acem"},"schema":{"@context":"https:\/\/schema.org","@graph":[{"@type":"Organization","@id":"https:\/\/192.168.1.117:8086\/#organization","name":"Acem Esclerosis","url":"https:\/\/192.168.1.117:8086\/","sameAs":[],"logo":{"@type":"ImageObject","@id":"https:\/\/192.168.1.117:8086\/#logo","inLanguage":"es","url":"https:\/\/acemesclerosis.org\/wp-content\/uploads\/2021\/09\/WhatsApp-Image-2021-09-27-at-14.06.43.jpeg","contentUrl":"https:\/\/acemesclerosis.org\/wp-content\/uploads\/2021\/09\/WhatsApp-Image-2021-09-27-at-14.06.43.jpeg","width":1600,"height":592,"caption":"Acem Esclerosis"},"image":{"@id":"https:\/\/192.168.1.117:8086\/#logo"}},{"@type":"WebSite","@id":"https:\/\/192.168.1.117:8086\/#website","url":"https:\/\/192.168.1.117:8086\/","name":"ACEM Esclerosis","description":"Asociaci\u00f3n Coru\u00f1esa de Esclerosis M\u00faltiple","publisher":{"@id":"https:\/\/192.168.1.117:8086\/#organization"},"potentialAction":[{"@type":"SearchAction","target":{"@type":"EntryPoint","urlTemplate":"https:\/\/192.168.1.117:8086\/?s={search_term_string}"},"query-input":"required name=search_term_string"}],"inLanguage":"es"},{"@type":"ImageObject","@id":"https:\/\/acemesclerosis.org\/?p=3551#primaryimage","inLanguage":"es","url":"https:\/\/acemesclerosis.org\/wp-content\/uploads\/2024\/05\/441572216_457131626971584_2301092764752571123_n-1.jpg","contentUrl":"https:\/\/acemesclerosis.org\/wp-content\/uploads\/2024\/05\/441572216_457131626971584_2301092764752571123_n-1.jpg","width":1080,"height":1080},{"@type":"WebPage","@id":"https:\/\/acemesclerosis.org\/?p=3551#webpage","url":"https:\/\/acemesclerosis.org\/?p=3551","name":"D\u00eda Mundial EM - ACEM Esclerosis","isPartOf":{"@id":"https:\/\/192.168.1.117:8086\/#website"},"primaryImageOfPage":{"@id":"https:\/\/acemesclerosis.org\/?p=3551#primaryimage"},"datePublished":"2024-05-27T06:09:48+00:00","dateModified":"2024-05-27T06:10:10+00:00","description":"El pr\u00f3ximo 30 de mayo se conmemora el d\u00eda mundial de la EM para sensibilizar y visibilizar la enfermedad. Desde ACEM vamos a colocar mesas informativas por varios Ayuntamientos del \u00e1rea sanitaria de A Coru\u00f1a y Cee.","breadcrumb":{"@id":"https:\/\/acemesclerosis.org\/?p=3551#breadcrumb"},"inLanguage":"es","potentialAction":[{"@type":"ReadAction","target":["https:\/\/acemesclerosis.org\/?p=3551"]}]},{"@type":"BreadcrumbList","@id":"https:\/\/acemesclerosis.org\/?p=3551#breadcrumb","itemListElement":[{"@type":"ListItem","position":1,"name":"Portada","item":"https:\/\/192.168.1.117:8086\/"},{"@type":"ListItem","position":2,"name":"D\u00eda Mundial EM"}]},{"@type":["Article","BlogPosting"],"@id":"https:\/\/acemesclerosis.org\/?p=3551#article","isPartOf":{"@id":"https:\/\/acemesclerosis.org\/?p=3551#webpage"},"author":{"@id":"https:\/\/192.168.1.117:8086\/#\/schema\/person\/054bfdc58cb48a8b5899dcbdf2d388da"},"headline":"D\u00eda Mundial EM","datePublished":"2024-05-27T06:09:48+00:00","dateModified":"2024-05-27T06:10:10+00:00","mainEntityOfPage":{"@id":"https:\/\/acemesclerosis.org\/?p=3551#webpage"},"wordCount":80,"commentCount":0,"publisher":{"@id":"https:\/\/192.168.1.117:8086\/#organization"},"image":{"@id":"https:\/\/acemesclerosis.org\/?p=3551#primaryimage"},"thumbnailUrl":"https:\/\/acemesclerosis.org\/wp-content\/uploads\/2024\/05\/441572216_457131626971584_2301092764752571123_n-1.jpg","articleSection":["Actualidad","Eventos"],"inLanguage":"es","potentialAction":[{"@type":"CommentAction","name":"Comment","target":["https:\/\/acemesclerosis.org\/?p=3551#respond"]}]},{"@type":"Person","@id":"https:\/\/192.168.1.117:8086\/#\/schema\/person\/054bfdc58cb48a8b5899dcbdf2d388da","name":"acem","image":{"@type":"ImageObject","@id":"https:\/\/192.168.1.117:8086\/#personlogo","inLanguage":"es","url":"https:\/\/acemesclerosis.org\/wp-content\/uploads\/2025\/04\/avatar_user_2_1744704335-96x96.png","contentUrl":"https:\/\/acemesclerosis.org\/wp-content\/uploads\/2025\/04\/avatar_user_2_1744704335-96x96.png","caption":"acem"},"url":"https:\/\/acemesclerosis.org\/?author=2"}]}},"_links":{"self":[{"href":"https:\/\/acemesclerosis.org\/index.php?rest_route=\/wp\/v2\/posts\/3551","targetHints":{"allow":["GET"]}}],"collection":[{"href":"https:\/\/acemesclerosis.org\/index.php?rest_route=\/wp\/v2\/posts"}],"about":[{"href":"https:\/\/acemesclerosis.org\/index.php?rest_route=\/wp\/v2\/types\/post"}],"author":[{"embeddable":true,"href":"https:\/\/acemesclerosis.org\/index.php?rest_route=\/wp\/v2\/users\/2"}],"replies":[{"embeddable":true,"href":"https:\/\/acemesclerosis.org\/index.php?rest_route=%2Fwp%2Fv2%2Fcomments&post=3551"}],"version-history":[{"count":2,"href":"https:\/\/acemesclerosis.org\/index.php?rest_route=\/wp\/v2\/posts\/3551\/revisions"}],"predecessor-version":[{"id":3554,"href":"https:\/\/acemesclerosis.org\/index.php?rest_route=\/wp\/v2\/posts\/3551\/revisions\/3554"}],"wp:featuredmedia":[{"embeddable":true,"href":"https:\/\/acemesclerosis.org\/index.php?rest_route=\/wp\/v2\/media\/3552"}],"wp:attachment":[{"href":"https:\/\/acemesclerosis.org\/index.php?rest_route=%2Fwp%2Fv2%2Fmedia&parent=3551"}],"wp:term":[{"taxonomy":"category","embeddable":true,"href":"https:\/\/acemesclerosis.org\/index.php?rest_route=%2Fwp%2Fv2%2Fcategories&post=3551"},{"taxonomy":"post_tag","embeddable":true,"href":"https:\/\/acemesclerosis.org\/index.php?rest_route=%2Fwp%2Fv2%2Ftags&post=3551"}],"curies":[{"name":"wp","href":"https:\/\/api.w.org\/{rel}","templated":true}]}}