{"id":3599,"date":"2024-06-05T07:17:21","date_gmt":"2024-06-05T07:17:21","guid":{"rendered":"https:\/\/acemesclerosis.org\/?p=3599"},"modified":"2024-07-15T10:23:19","modified_gmt":"2024-07-15T10:23:19","slug":"3a-carrera-solidaria-movomembetanzos-3","status":"publish","type":"post","link":"https:\/\/acemesclerosis.org\/?p=3599","title":{"rendered":"3\u00aa carrera solidaria #movomEMBetanzos"},"content":{"rendered":"\n<p>En menos de 2 meses volvemos con la 3\u00aa edici\u00f3n de la carrera solidaria Movomenbetanzos!!!!<br>Este a\u00f1o como novedad adem\u00e1s de la carrera&nbsp;<img loading=\"lazy\" decoding=\"async\" height=\"16\" width=\"16\" src=\"https:\/\/static.xx.fbcdn.net\/images\/emoji.php\/v9\/ta9\/1\/16\/1f3c3_200d_2640.png\" alt=\"\ud83c\udfc3\u200d\u2640\ufe0f\"><img loading=\"lazy\" decoding=\"async\" height=\"16\" width=\"16\" src=\"https:\/\/static.xx.fbcdn.net\/images\/emoji.php\/v9\/t3b\/1\/16\/1f3c3.png\" alt=\"\ud83c\udfc3\"><img loading=\"lazy\" decoding=\"async\" height=\"16\" width=\"16\" src=\"https:\/\/static.xx.fbcdn.net\/images\/emoji.php\/v9\/ta8\/1\/16\/1f3c3_1f3fd_200d_2642.png\" alt=\"\ud83c\udfc3\ud83c\udffd\u200d\u2642\ufe0f\">5k, la adaptada<img loading=\"lazy\" decoding=\"async\" height=\"16\" width=\"16\" src=\"https:\/\/static.xx.fbcdn.net\/images\/emoji.php\/v9\/t60\/1\/16\/1f468_200d_1f9bd.png\" alt=\"\ud83d\udc68\u200d\ud83e\uddbd\"><img loading=\"lazy\" decoding=\"async\" height=\"16\" width=\"16\" src=\"https:\/\/static.xx.fbcdn.net\/images\/emoji.php\/v9\/t8f\/1\/16\/1f9d1_200d_1f9bc.png\" alt=\"\ud83e\uddd1\u200d\ud83e\uddbc\"><img loading=\"lazy\" decoding=\"async\" height=\"16\" width=\"16\" src=\"https:\/\/static.xx.fbcdn.net\/images\/emoji.php\/v9\/ta2\/1\/16\/1f469_200d_1f9af.png\" alt=\"\ud83d\udc69\u200d\ud83e\uddaf\">&nbsp;0,7K tendremos una Andaina&nbsp;<img loading=\"lazy\" decoding=\"async\" height=\"16\" width=\"16\" src=\"https:\/\/static.xx.fbcdn.net\/images\/emoji.php\/v9\/tdd\/1\/16\/1f6b6_1f3fb.png\" alt=\"\ud83d\udeb6\ud83c\udffb\"><img loading=\"lazy\" decoding=\"async\" height=\"16\" width=\"16\" src=\"https:\/\/static.xx.fbcdn.net\/images\/emoji.php\/v9\/t90\/1\/16\/1f6b6_200d_2640.png\" alt=\"\ud83d\udeb6\u200d\u2640\ufe0f\"><img loading=\"lazy\" decoding=\"async\" height=\"16\" width=\"16\" src=\"https:\/\/static.xx.fbcdn.net\/images\/emoji.php\/v9\/t92\/1\/16\/1f6b6_200d_2642.png\" alt=\"\ud83d\udeb6\u200d\u2642\ufe0f\"><img loading=\"lazy\" decoding=\"async\" height=\"16\" width=\"16\" src=\"https:\/\/static.xx.fbcdn.net\/images\/emoji.php\/v9\/t70\/1\/16\/1f415.png\" alt=\"\ud83d\udc15\"><img loading=\"lazy\" decoding=\"async\" height=\"16\" width=\"16\" src=\"https:\/\/static.xx.fbcdn.net\/images\/emoji.php\/v9\/t54\/1\/16\/1f408.png\" alt=\"\ud83d\udc08\">de 2,5K para que pod\u00e1is participar todxs!!<br>Con tu inscripci\u00f3n te llevar\u00e1s una mochila , una camiseta y alguna sorpresa m\u00e1s&nbsp;<img loading=\"lazy\" decoding=\"async\" height=\"16\" width=\"16\" src=\"https:\/\/static.xx.fbcdn.net\/images\/emoji.php\/v9\/t7f\/1\/16\/1f60a.png\" alt=\"\ud83d\ude0a\"><img loading=\"lazy\" decoding=\"async\" height=\"16\" width=\"16\" src=\"https:\/\/static.xx.fbcdn.net\/images\/emoji.php\/v9\/t7f\/1\/16\/1f60a.png\" alt=\"\ud83d\ude0a\"><img loading=\"lazy\" decoding=\"async\" height=\"16\" width=\"16\" src=\"https:\/\/static.xx.fbcdn.net\/images\/emoji.php\/v9\/t7f\/1\/16\/1f60a.png\" alt=\"\ud83d\ude0a\"><\/p>\n\n\n\n<figure class=\"wp-block-image size-large\"><img loading=\"lazy\" decoding=\"async\" width=\"1024\" height=\"724\" src=\"https:\/\/acemesclerosis.org\/wp-content\/uploads\/2024\/07\/movome-2024-3-1024x724.png\" alt=\"\" class=\"wp-image-3642\" srcset=\"https:\/\/acemesclerosis.org\/wp-content\/uploads\/2024\/07\/movome-2024-3-1024x724.png 1024w, https:\/\/acemesclerosis.org\/wp-content\/uploads\/2024\/07\/movome-2024-3-300x212.png 300w, https:\/\/acemesclerosis.org\/wp-content\/uploads\/2024\/07\/movome-2024-3-768x543.png 768w, https:\/\/acemesclerosis.org\/wp-content\/uploads\/2024\/07\/movome-2024-3-1536x1086.png 1536w, https:\/\/acemesclerosis.org\/wp-content\/uploads\/2024\/07\/movome-2024-3-2048x1448.png 2048w\" sizes=\"auto, (max-width: 1024px) 100vw, 1024px\" \/><\/figure>\n\n\n\n<p>Abrimos inscripciones&nbsp;<img loading=\"lazy\" decoding=\"async\" height=\"16\" width=\"16\" src=\"https:\/\/static.xx.fbcdn.net\/images\/emoji.php\/v9\/tfe\/1\/16\/1f44f.png\" alt=\"\ud83d\udc4f\"><img loading=\"lazy\" decoding=\"async\" height=\"16\" width=\"16\" src=\"https:\/\/static.xx.fbcdn.net\/images\/emoji.php\/v9\/tfe\/1\/16\/1f44f.png\" alt=\"\ud83d\udc4f\"><img loading=\"lazy\" decoding=\"async\" height=\"16\" width=\"16\" src=\"https:\/\/static.xx.fbcdn.net\/images\/emoji.php\/v9\/tfe\/1\/16\/1f44f.png\" alt=\"\ud83d\udc4f\"><img loading=\"lazy\" decoding=\"async\" height=\"16\" width=\"16\" src=\"https:\/\/static.xx.fbcdn.net\/images\/emoji.php\/v9\/t7f\/1\/16\/1f60a.png\" alt=\"\ud83d\ude0a\"><img loading=\"lazy\" decoding=\"async\" height=\"16\" width=\"16\" src=\"https:\/\/static.xx.fbcdn.net\/images\/emoji.php\/v9\/t7f\/1\/16\/1f60a.png\" alt=\"\ud83d\ude0a\"><img loading=\"lazy\" decoding=\"async\" height=\"16\" width=\"16\" src=\"https:\/\/static.xx.fbcdn.net\/images\/emoji.php\/v9\/t7f\/1\/16\/1f60a.png\" alt=\"\ud83d\ude0a\"><img loading=\"lazy\" decoding=\"async\" height=\"16\" width=\"16\" src=\"https:\/\/static.xx.fbcdn.net\/images\/emoji.php\/v9\/t7f\/1\/16\/1f60a.png\" alt=\"\ud83d\ude0a\"><\/p>\n\n\n\n<p>Pod\u00e9is participar en las siguientes modalidades :<\/p>\n\n\n\n<p><img loading=\"lazy\" decoding=\"async\" height=\"16\" width=\"16\" alt=\"\ud83d\udc68\u200d\ud83e\uddbd\" src=\"https:\/\/static.xx.fbcdn.net\/images\/emoji.php\/v9\/t60\/1\/16\/1f468_200d_1f9bd.png\">TRAMO ADAPTADO 700m &#8211; donativo 6\u20ac<\/p>\n\n\n\n<p><img loading=\"lazy\" decoding=\"async\" height=\"16\" width=\"16\" alt=\"\ud83d\udc67\" src=\"https:\/\/static.xx.fbcdn.net\/images\/emoji.php\/v9\/t8d\/1\/16\/1f467.png\"><img loading=\"lazy\" decoding=\"async\" height=\"16\" width=\"16\" alt=\"\ud83e\uddd2\" src=\"https:\/\/static.xx.fbcdn.net\/images\/emoji.php\/v9\/tdf\/1\/16\/1f9d2.png\">CARRERA MENORES &#8211; gratuita<\/p>\n\n\n\n<p><img loading=\"lazy\" decoding=\"async\" height=\"16\" width=\"16\" alt=\"\ud83c\udfc3\u200d\u2640\ufe0f\" src=\"https:\/\/static.xx.fbcdn.net\/images\/emoji.php\/v9\/ta9\/1\/16\/1f3c3_200d_2640.png\"><img loading=\"lazy\" decoding=\"async\" height=\"16\" width=\"16\" alt=\"\ud83c\udfc3\ud83c\udffd\u200d\u2642\ufe0f\" src=\"https:\/\/static.xx.fbcdn.net\/images\/emoji.php\/v9\/ta8\/1\/16\/1f3c3_1f3fd_200d_2642.png\">CARRERA 5k &#8211; donativo 6\u20ac<\/p>\n\n\n\n<p><img loading=\"lazy\" decoding=\"async\" height=\"16\" width=\"16\" alt=\"\ud83d\udeb6\u200d\u2642\ufe0f\" src=\"https:\/\/static.xx.fbcdn.net\/images\/emoji.php\/v9\/t92\/1\/16\/1f6b6_200d_2642.png\"><img loading=\"lazy\" decoding=\"async\" height=\"16\" width=\"16\" alt=\"\ud83d\udeb6\u200d\u2640\ufe0f\" src=\"https:\/\/static.xx.fbcdn.net\/images\/emoji.php\/v9\/t90\/1\/16\/1f6b6_200d_2640.png\">ANDAINA &#8211; donativo 6\u20ac<\/p>\n\n\n\n<p>Nos vemos en el Concello de Betanzos\u00a0<img loading=\"lazy\" decoding=\"async\" height=\"16\" width=\"16\" src=\"https:\/\/static.xx.fbcdn.net\/images\/emoji.php\/v9\/t7f\/1\/16\/1f60a.png\" alt=\"\ud83d\ude0a\"><img loading=\"lazy\" decoding=\"async\" height=\"16\" width=\"16\" src=\"https:\/\/static.xx.fbcdn.net\/images\/emoji.php\/v9\/t7f\/1\/16\/1f60a.png\" alt=\"\ud83d\ude0a\"><img loading=\"lazy\" decoding=\"async\" height=\"16\" width=\"16\" src=\"https:\/\/static.xx.fbcdn.net\/images\/emoji.php\/v9\/t77\/1\/16\/203c.png\" alt=\"\u203c\ufe0f\"><img loading=\"lazy\" decoding=\"async\" height=\"16\" width=\"16\" src=\"https:\/\/static.xx.fbcdn.net\/images\/emoji.php\/v9\/t77\/1\/16\/203c.png\" alt=\"\u203c\ufe0f\"><br>el domingo 29 de septiembre, Km solidarios a favor de Acem Asociaci\u00f3n Coru\u00f1esa de Esclerosis M\u00faltiple<img loading=\"lazy\" decoding=\"async\" height=\"16\" width=\"16\" src=\"https:\/\/static.xx.fbcdn.net\/images\/emoji.php\/v9\/t77\/1\/16\/203c.png\" alt=\"\u203c\ufe0f\"><img loading=\"lazy\" decoding=\"async\" height=\"16\" width=\"16\" src=\"https:\/\/static.xx.fbcdn.net\/images\/emoji.php\/v9\/t77\/1\/16\/203c.png\" alt=\"\u203c\ufe0f\"><\/p>\n\n\n\n<p>Os esperamos!!!<\/p>\n\n\n\n<p><img loading=\"lazy\" decoding=\"async\" height=\"16\" width=\"16\" alt=\"\u203c\ufe0f\" src=\"https:\/\/static.xx.fbcdn.net\/images\/emoji.php\/v9\/t77\/1\/16\/203c.png\">LINK<img loading=\"lazy\" decoding=\"async\" height=\"16\" width=\"16\" alt=\"\u203c\ufe0f\" src=\"https:\/\/static.xx.fbcdn.net\/images\/emoji.php\/v9\/t77\/1\/16\/203c.png\"><img loading=\"lazy\" decoding=\"async\" height=\"16\" width=\"16\" alt=\"\ud83d\udc47\" src=\"https:\/\/static.xx.fbcdn.net\/images\/emoji.php\/v9\/t4f\/1\/16\/1f447.png\"><\/p>\n\n\n\n<p><a href=\"https:\/\/ccnorte.com\/evento\/inscribirme\/id\/2820\/3-carrera-movomembetanzos-2024\">https:\/\/ccnorte.com\/evento\/inscribirme\/id\/2820\/3-carrera-movomembetanzos-2024<\/a><\/p>\n","protected":false},"excerpt":{"rendered":"<p>En menos de 2 meses volvemos con la 3\u00aa edici\u00f3n de la carrera solidaria Movomenbetanzos!!!!<br \/>\nEste a\u00f1o como novedad adem\u00e1s de la carrera\u00a05k, la adaptada\u00a00,7K tendremos una Andaina\u00a0de 2,5K para que pod\u00e1is participar todxs!!<br \/>\nCon tu inscripci\u00f3n te llevar\u00e1s una mochila , una camiseta y alguna sorpresa m\u00e1s\u00a0<\/p>\n","protected":false},"author":2,"featured_media":3597,"comment_status":"open","ping_status":"open","sticky":false,"template":"","format":"standard","meta":{"footnotes":""},"categories":[18,17],"tags":[],"class_list":["post-3599","post","type-post","status-publish","format-standard","has-post-thumbnail","hentry","category-actualidad","category-eventos"],"yoast_head":"<!-- This site is optimized with the Yoast SEO plugin v17.9 - https:\/\/yoast.com\/wordpress\/plugins\/seo\/ -->\n<title>3\u00aa carrera solidaria #movomEMBetanzos - ACEM Esclerosis<\/title>\n<meta name=\"description\" content=\"En menos de 2 meses volvemos con la 3\u00aa edici\u00f3n de la carrera solidaria Movomenbetanzos!!!!Este a\u00f1o como novedad adem\u00e1s de la carrera\u00a05k, la adaptada\u00a00,7K tendremos una Andaina\u00a0de 2,5K para que pod\u00e1is participar todxs!!Con tu inscripci\u00f3n te llevar\u00e1s una mochila , una camiseta y alguna sorpresa m\u00e1s\u00a0\" \/>\n<meta name=\"robots\" content=\"index, follow, max-snippet:-1, max-image-preview:large, max-video-preview:-1\" \/>\n<link rel=\"canonical\" href=\"https:\/\/acemesclerosis.org\/?p=3599\" \/>\n<meta property=\"og:locale\" content=\"es_ES\" \/>\n<meta property=\"og:type\" content=\"article\" \/>\n<meta property=\"og:title\" content=\"3\u00aa carrera solidaria #movomEMBetanzos - ACEM Esclerosis\" \/>\n<meta property=\"og:description\" content=\"En menos de 2 meses volvemos con la 3\u00aa edici\u00f3n de la carrera solidaria Movomenbetanzos!!!!Este a\u00f1o como novedad adem\u00e1s de la carrera\u00a05k, la adaptada\u00a00,7K tendremos una Andaina\u00a0de 2,5K para que pod\u00e1is participar todxs!!Con tu inscripci\u00f3n te llevar\u00e1s una mochila , una camiseta y alguna sorpresa m\u00e1s\u00a0\" \/>\n<meta property=\"og:url\" content=\"https:\/\/acemesclerosis.org\/?p=3599\" \/>\n<meta property=\"og:site_name\" content=\"ACEM Esclerosis\" \/>\n<meta property=\"article:published_time\" content=\"2024-06-05T07:17:21+00:00\" \/>\n<meta property=\"article:modified_time\" content=\"2024-07-15T10:23:19+00:00\" \/>\n<meta property=\"og:image\" content=\"https:\/\/acemesclerosis.org\/wp-content\/uploads\/2024\/06\/movome-2024-fin1-1024x724.png\" \/>\n\t<meta property=\"og:image:width\" content=\"1024\" \/>\n\t<meta property=\"og:image:height\" content=\"724\" \/>\n\t<meta property=\"og:image:type\" content=\"image\/png\" \/>\n<meta name=\"twitter:card\" content=\"summary_large_image\" \/>\n<meta name=\"twitter:label1\" content=\"Escrito por\" \/>\n\t<meta name=\"twitter:data1\" content=\"acem\" \/>\n\t<meta name=\"twitter:label2\" content=\"Tiempo de lectura\" \/>\n\t<meta name=\"twitter:data2\" content=\"1 minuto\" \/>\n<script type=\"application\/ld+json\" class=\"yoast-schema-graph\">{\"@context\":\"https:\/\/schema.org\",\"@graph\":[{\"@type\":\"Organization\",\"@id\":\"https:\/\/192.168.1.117:8086\/#organization\",\"name\":\"Acem Esclerosis\",\"url\":\"https:\/\/192.168.1.117:8086\/\",\"sameAs\":[],\"logo\":{\"@type\":\"ImageObject\",\"@id\":\"https:\/\/192.168.1.117:8086\/#logo\",\"inLanguage\":\"es\",\"url\":\"https:\/\/acemesclerosis.org\/wp-content\/uploads\/2021\/09\/WhatsApp-Image-2021-09-27-at-14.06.43.jpeg\",\"contentUrl\":\"https:\/\/acemesclerosis.org\/wp-content\/uploads\/2021\/09\/WhatsApp-Image-2021-09-27-at-14.06.43.jpeg\",\"width\":1600,\"height\":592,\"caption\":\"Acem Esclerosis\"},\"image\":{\"@id\":\"https:\/\/192.168.1.117:8086\/#logo\"}},{\"@type\":\"WebSite\",\"@id\":\"https:\/\/192.168.1.117:8086\/#website\",\"url\":\"https:\/\/192.168.1.117:8086\/\",\"name\":\"ACEM Esclerosis\",\"description\":\"Asociaci\\u00f3n Coru\\u00f1esa de Esclerosis M\\u00faltiple\",\"publisher\":{\"@id\":\"https:\/\/192.168.1.117:8086\/#organization\"},\"potentialAction\":[{\"@type\":\"SearchAction\",\"target\":{\"@type\":\"EntryPoint\",\"urlTemplate\":\"https:\/\/192.168.1.117:8086\/?s={search_term_string}\"},\"query-input\":\"required name=search_term_string\"}],\"inLanguage\":\"es\"},{\"@type\":\"ImageObject\",\"@id\":\"https:\/\/acemesclerosis.org\/?p=3599#primaryimage\",\"inLanguage\":\"es\",\"url\":\"https:\/\/acemesclerosis.org\/wp-content\/uploads\/2024\/06\/movome-2024-fin1.png\",\"contentUrl\":\"https:\/\/acemesclerosis.org\/wp-content\/uploads\/2024\/06\/movome-2024-fin1.png\",\"width\":2245,\"height\":1587},{\"@type\":\"WebPage\",\"@id\":\"https:\/\/acemesclerosis.org\/?p=3599#webpage\",\"url\":\"https:\/\/acemesclerosis.org\/?p=3599\",\"name\":\"3\\u00aa carrera solidaria #movomEMBetanzos - ACEM Esclerosis\",\"isPartOf\":{\"@id\":\"https:\/\/192.168.1.117:8086\/#website\"},\"primaryImageOfPage\":{\"@id\":\"https:\/\/acemesclerosis.org\/?p=3599#primaryimage\"},\"datePublished\":\"2024-06-05T07:17:21+00:00\",\"dateModified\":\"2024-07-15T10:23:19+00:00\",\"description\":\"En menos de 2 meses volvemos con la 3\\u00aa edici\\u00f3n de la carrera solidaria Movomenbetanzos!!!!Este a\\u00f1o como novedad adem\\u00e1s de la carrera\\u00a05k, la adaptada\\u00a00,7K tendremos una Andaina\\u00a0de 2,5K para que pod\\u00e1is participar todxs!!Con tu inscripci\\u00f3n te llevar\\u00e1s una mochila , una camiseta y alguna sorpresa m\\u00e1s\\u00a0\",\"breadcrumb\":{\"@id\":\"https:\/\/acemesclerosis.org\/?p=3599#breadcrumb\"},\"inLanguage\":\"es\",\"potentialAction\":[{\"@type\":\"ReadAction\",\"target\":[\"https:\/\/acemesclerosis.org\/?p=3599\"]}]},{\"@type\":\"BreadcrumbList\",\"@id\":\"https:\/\/acemesclerosis.org\/?p=3599#breadcrumb\",\"itemListElement\":[{\"@type\":\"ListItem\",\"position\":1,\"name\":\"Portada\",\"item\":\"https:\/\/192.168.1.117:8086\/\"},{\"@type\":\"ListItem\",\"position\":2,\"name\":\"3\\u00aa carrera solidaria #movomEMBetanzos\"}]},{\"@type\":[\"Article\",\"BlogPosting\"],\"@id\":\"https:\/\/acemesclerosis.org\/?p=3599#article\",\"isPartOf\":{\"@id\":\"https:\/\/acemesclerosis.org\/?p=3599#webpage\"},\"author\":{\"@id\":\"https:\/\/192.168.1.117:8086\/#\/schema\/person\/054bfdc58cb48a8b5899dcbdf2d388da\"},\"headline\":\"3\\u00aa carrera solidaria #movomEMBetanzos\",\"datePublished\":\"2024-06-05T07:17:21+00:00\",\"dateModified\":\"2024-07-15T10:23:19+00:00\",\"mainEntityOfPage\":{\"@id\":\"https:\/\/acemesclerosis.org\/?p=3599#webpage\"},\"wordCount\":123,\"commentCount\":0,\"publisher\":{\"@id\":\"https:\/\/192.168.1.117:8086\/#organization\"},\"image\":{\"@id\":\"https:\/\/acemesclerosis.org\/?p=3599#primaryimage\"},\"thumbnailUrl\":\"https:\/\/acemesclerosis.org\/wp-content\/uploads\/2024\/06\/movome-2024-fin1.png\",\"articleSection\":[\"Actualidad\",\"Eventos\"],\"inLanguage\":\"es\",\"potentialAction\":[{\"@type\":\"CommentAction\",\"name\":\"Comment\",\"target\":[\"https:\/\/acemesclerosis.org\/?p=3599#respond\"]}]},{\"@type\":\"Person\",\"@id\":\"https:\/\/192.168.1.117:8086\/#\/schema\/person\/054bfdc58cb48a8b5899dcbdf2d388da\",\"name\":\"acem\",\"image\":{\"@type\":\"ImageObject\",\"@id\":\"https:\/\/192.168.1.117:8086\/#personlogo\",\"inLanguage\":\"es\",\"url\":\"https:\/\/acemesclerosis.org\/wp-content\/uploads\/2025\/04\/avatar_user_2_1744704335-96x96.png\",\"contentUrl\":\"https:\/\/acemesclerosis.org\/wp-content\/uploads\/2025\/04\/avatar_user_2_1744704335-96x96.png\",\"caption\":\"acem\"},\"url\":\"https:\/\/acemesclerosis.org\/?author=2\"}]}<\/script>\n<!-- \/ Yoast SEO plugin. -->","yoast_head_json":{"title":"3\u00aa carrera solidaria #movomEMBetanzos - ACEM Esclerosis","description":"En menos de 2 meses volvemos con la 3\u00aa edici\u00f3n de la carrera solidaria Movomenbetanzos!!!!Este a\u00f1o como novedad adem\u00e1s de la carrera\u00a05k, la adaptada\u00a00,7K tendremos una Andaina\u00a0de 2,5K para que pod\u00e1is participar todxs!!Con tu inscripci\u00f3n te llevar\u00e1s una mochila , una camiseta y alguna sorpresa m\u00e1s\u00a0","robots":{"index":"index","follow":"follow","max-snippet":"max-snippet:-1","max-image-preview":"max-image-preview:large","max-video-preview":"max-video-preview:-1"},"canonical":"https:\/\/acemesclerosis.org\/?p=3599","og_locale":"es_ES","og_type":"article","og_title":"3\u00aa carrera solidaria #movomEMBetanzos - ACEM Esclerosis","og_description":"En menos de 2 meses volvemos con la 3\u00aa edici\u00f3n de la carrera solidaria Movomenbetanzos!!!!Este a\u00f1o como novedad adem\u00e1s de la carrera\u00a05k, la adaptada\u00a00,7K tendremos una Andaina\u00a0de 2,5K para que pod\u00e1is participar todxs!!Con tu inscripci\u00f3n te llevar\u00e1s una mochila , una camiseta y alguna sorpresa m\u00e1s\u00a0","og_url":"https:\/\/acemesclerosis.org\/?p=3599","og_site_name":"ACEM Esclerosis","article_published_time":"2024-06-05T07:17:21+00:00","article_modified_time":"2024-07-15T10:23:19+00:00","og_image":[{"width":1024,"height":724,"url":"https:\/\/acemesclerosis.org\/wp-content\/uploads\/2024\/06\/movome-2024-fin1-1024x724.png","type":"image\/png"}],"twitter_card":"summary_large_image","twitter_misc":{"Escrito por":"acem","Tiempo de lectura":"1 minuto"},"schema":{"@context":"https:\/\/schema.org","@graph":[{"@type":"Organization","@id":"https:\/\/192.168.1.117:8086\/#organization","name":"Acem Esclerosis","url":"https:\/\/192.168.1.117:8086\/","sameAs":[],"logo":{"@type":"ImageObject","@id":"https:\/\/192.168.1.117:8086\/#logo","inLanguage":"es","url":"https:\/\/acemesclerosis.org\/wp-content\/uploads\/2021\/09\/WhatsApp-Image-2021-09-27-at-14.06.43.jpeg","contentUrl":"https:\/\/acemesclerosis.org\/wp-content\/uploads\/2021\/09\/WhatsApp-Image-2021-09-27-at-14.06.43.jpeg","width":1600,"height":592,"caption":"Acem Esclerosis"},"image":{"@id":"https:\/\/192.168.1.117:8086\/#logo"}},{"@type":"WebSite","@id":"https:\/\/192.168.1.117:8086\/#website","url":"https:\/\/192.168.1.117:8086\/","name":"ACEM Esclerosis","description":"Asociaci\u00f3n Coru\u00f1esa de Esclerosis M\u00faltiple","publisher":{"@id":"https:\/\/192.168.1.117:8086\/#organization"},"potentialAction":[{"@type":"SearchAction","target":{"@type":"EntryPoint","urlTemplate":"https:\/\/192.168.1.117:8086\/?s={search_term_string}"},"query-input":"required name=search_term_string"}],"inLanguage":"es"},{"@type":"ImageObject","@id":"https:\/\/acemesclerosis.org\/?p=3599#primaryimage","inLanguage":"es","url":"https:\/\/acemesclerosis.org\/wp-content\/uploads\/2024\/06\/movome-2024-fin1.png","contentUrl":"https:\/\/acemesclerosis.org\/wp-content\/uploads\/2024\/06\/movome-2024-fin1.png","width":2245,"height":1587},{"@type":"WebPage","@id":"https:\/\/acemesclerosis.org\/?p=3599#webpage","url":"https:\/\/acemesclerosis.org\/?p=3599","name":"3\u00aa carrera solidaria #movomEMBetanzos - ACEM Esclerosis","isPartOf":{"@id":"https:\/\/192.168.1.117:8086\/#website"},"primaryImageOfPage":{"@id":"https:\/\/acemesclerosis.org\/?p=3599#primaryimage"},"datePublished":"2024-06-05T07:17:21+00:00","dateModified":"2024-07-15T10:23:19+00:00","description":"En menos de 2 meses volvemos con la 3\u00aa edici\u00f3n de la carrera solidaria Movomenbetanzos!!!!Este a\u00f1o como novedad adem\u00e1s de la carrera\u00a05k, la adaptada\u00a00,7K tendremos una Andaina\u00a0de 2,5K para que pod\u00e1is participar todxs!!Con tu inscripci\u00f3n te llevar\u00e1s una mochila , una camiseta y alguna sorpresa m\u00e1s\u00a0","breadcrumb":{"@id":"https:\/\/acemesclerosis.org\/?p=3599#breadcrumb"},"inLanguage":"es","potentialAction":[{"@type":"ReadAction","target":["https:\/\/acemesclerosis.org\/?p=3599"]}]},{"@type":"BreadcrumbList","@id":"https:\/\/acemesclerosis.org\/?p=3599#breadcrumb","itemListElement":[{"@type":"ListItem","position":1,"name":"Portada","item":"https:\/\/192.168.1.117:8086\/"},{"@type":"ListItem","position":2,"name":"3\u00aa carrera solidaria #movomEMBetanzos"}]},{"@type":["Article","BlogPosting"],"@id":"https:\/\/acemesclerosis.org\/?p=3599#article","isPartOf":{"@id":"https:\/\/acemesclerosis.org\/?p=3599#webpage"},"author":{"@id":"https:\/\/192.168.1.117:8086\/#\/schema\/person\/054bfdc58cb48a8b5899dcbdf2d388da"},"headline":"3\u00aa carrera solidaria #movomEMBetanzos","datePublished":"2024-06-05T07:17:21+00:00","dateModified":"2024-07-15T10:23:19+00:00","mainEntityOfPage":{"@id":"https:\/\/acemesclerosis.org\/?p=3599#webpage"},"wordCount":123,"commentCount":0,"publisher":{"@id":"https:\/\/192.168.1.117:8086\/#organization"},"image":{"@id":"https:\/\/acemesclerosis.org\/?p=3599#primaryimage"},"thumbnailUrl":"https:\/\/acemesclerosis.org\/wp-content\/uploads\/2024\/06\/movome-2024-fin1.png","articleSection":["Actualidad","Eventos"],"inLanguage":"es","potentialAction":[{"@type":"CommentAction","name":"Comment","target":["https:\/\/acemesclerosis.org\/?p=3599#respond"]}]},{"@type":"Person","@id":"https:\/\/192.168.1.117:8086\/#\/schema\/person\/054bfdc58cb48a8b5899dcbdf2d388da","name":"acem","image":{"@type":"ImageObject","@id":"https:\/\/192.168.1.117:8086\/#personlogo","inLanguage":"es","url":"https:\/\/acemesclerosis.org\/wp-content\/uploads\/2025\/04\/avatar_user_2_1744704335-96x96.png","contentUrl":"https:\/\/acemesclerosis.org\/wp-content\/uploads\/2025\/04\/avatar_user_2_1744704335-96x96.png","caption":"acem"},"url":"https:\/\/acemesclerosis.org\/?author=2"}]}},"_links":{"self":[{"href":"https:\/\/acemesclerosis.org\/index.php?rest_route=\/wp\/v2\/posts\/3599","targetHints":{"allow":["GET"]}}],"collection":[{"href":"https:\/\/acemesclerosis.org\/index.php?rest_route=\/wp\/v2\/posts"}],"about":[{"href":"https:\/\/acemesclerosis.org\/index.php?rest_route=\/wp\/v2\/types\/post"}],"author":[{"embeddable":true,"href":"https:\/\/acemesclerosis.org\/index.php?rest_route=\/wp\/v2\/users\/2"}],"replies":[{"embeddable":true,"href":"https:\/\/acemesclerosis.org\/index.php?rest_route=%2Fwp%2Fv2%2Fcomments&post=3599"}],"version-history":[{"count":3,"href":"https:\/\/acemesclerosis.org\/index.php?rest_route=\/wp\/v2\/posts\/3599\/revisions"}],"predecessor-version":[{"id":3643,"href":"https:\/\/acemesclerosis.org\/index.php?rest_route=\/wp\/v2\/posts\/3599\/revisions\/3643"}],"wp:featuredmedia":[{"embeddable":true,"href":"https:\/\/acemesclerosis.org\/index.php?rest_route=\/wp\/v2\/media\/3597"}],"wp:attachment":[{"href":"https:\/\/acemesclerosis.org\/index.php?rest_route=%2Fwp%2Fv2%2Fmedia&parent=3599"}],"wp:term":[{"taxonomy":"category","embeddable":true,"href":"https:\/\/acemesclerosis.org\/index.php?rest_route=%2Fwp%2Fv2%2Fcategories&post=3599"},{"taxonomy":"post_tag","embeddable":true,"href":"https:\/\/acemesclerosis.org\/index.php?rest_route=%2Fwp%2Fv2%2Ftags&post=3599"}],"curies":[{"name":"wp","href":"https:\/\/api.w.org\/{rel}","templated":true}]}}