{"id":3625,"date":"2024-06-25T09:52:44","date_gmt":"2024-06-25T09:52:44","guid":{"rendered":"https:\/\/acemesclerosis.org\/?p=3625"},"modified":"2024-06-25T12:05:20","modified_gmt":"2024-06-25T12:05:20","slug":"programa-de-atencion-social-asesoramento-e-atencion-especializada-3","status":"publish","type":"post","link":"https:\/\/acemesclerosis.org\/?p=3625","title":{"rendered":"PROGRAMA DE ATENCI\u00d3N SOCIAL, ASESORAMENTO E ATENCI\u00d3N ESPECIALIZADA"},"content":{"rendered":"\n<figure class=\"wp-block-image size-large\"><img loading=\"lazy\" decoding=\"async\" width=\"724\" height=\"1024\" src=\"https:\/\/acemesclerosis.org\/wp-content\/uploads\/2024\/06\/PHOTO-2024-06-12-11-58-27-724x1024.jpg\" alt=\"\" class=\"wp-image-3607\" srcset=\"https:\/\/acemesclerosis.org\/wp-content\/uploads\/2024\/06\/PHOTO-2024-06-12-11-58-27-724x1024.jpg 724w, https:\/\/acemesclerosis.org\/wp-content\/uploads\/2024\/06\/PHOTO-2024-06-12-11-58-27-212x300.jpg 212w, https:\/\/acemesclerosis.org\/wp-content\/uploads\/2024\/06\/PHOTO-2024-06-12-11-58-27-768x1086.jpg 768w, https:\/\/acemesclerosis.org\/wp-content\/uploads\/2024\/06\/PHOTO-2024-06-12-11-58-27-1086x1536.jpg 1086w, https:\/\/acemesclerosis.org\/wp-content\/uploads\/2024\/06\/PHOTO-2024-06-12-11-58-27.jpg 1131w\" sizes=\"auto, (max-width: 724px) 100vw, 724px\" \/><\/figure>\n\n\n\n<p>ACEM REALIZA UN PROGRAMA DE ATENCI\u00d3N SOCIAL, ASESORAMIENTO Y ATENCI\u00d3N ESPECIALIZADA DEL QUE SON BENEFICIARIOS 6 PERSONAS CON ESCLEROSIS M\u00daLTIPLE<\/p>\n\n\n\n<p>ACEM cuenta con cofinanciaci\u00f3n de la Xunta de Galicia procedente de la subvenci\u00f3n con cargo al 0,7% del IRPF para la ejecuci\u00f3n del programa, que gestiona COGAMI. La Asociaci\u00f3n Coru\u00f1a de Esclerosis M\u00faltiple (ACEM) contin\u00faa llevando a cabo un programa de atenci\u00f3n social, asesoramiento y atenci\u00f3n especializada dedicado a la prestaci\u00f3n de servicios de trabajo social, del que se benefician 6 personas afectadas por esclerosis m\u00faltiple y que presentan un alto grado de discapacidad.<\/p>\n\n\n\n<p>Con la realizaci\u00f3n de este programa, la entidad pretende cubrir las diferentes necesidades que pueden presentar las personas afectadas por esclerosis m\u00faltiple, as\u00ed como intentar minimizar las dificultades que la persona encuentra en su vida diaria. Este programa, que gestiona COGAMI, est\u00e1 cofinanciado por la Xunta de Galicia, con fondos que proceden de la subvenci\u00f3n con cargo al 0,7% del IRPF.<\/p>\n\n\n\n<p>La Asociaci\u00f3n Coru\u00f1a de Esclerosis M\u00faltiple &#8211; ACEM es una organizaci\u00f3n sin \u00e1nimo de lucro que agrupa a personas con esclerosis m\u00faltiple y sus familias. El \u00e1mbito de actuaci\u00f3n abarca todo el territorio de la provincia de A Coru\u00f1a y promueve todo tipo de actividades e informaci\u00f3n encaminadas a mejorar la situaci\u00f3n y calidad de vida de las personas afectadas por esta enfermedad.<\/p>\n\n\n\n<p>\u00a1Tu X puede cambiar la vida de muchas personas!<\/p>\n","protected":false},"excerpt":{"rendered":"<p>ACEM cuenta con cofinanciaci\u00f3n de la Xunta de Galicia procedente de la subvenci\u00f3n con cargo al 0,7% del IRPF para la ejecuci\u00f3n del programa, que gestiona COGAMI. La Asociaci\u00f3n Coru\u00f1a de Esclerosis M\u00faltiple (ACEM) contin\u00faa llevando a cabo un programa de atenci\u00f3n social, asesoramiento e intervenci\u00f3n especializada dedicado a la prestaci\u00f3n de servicios de trabajo social, del que se benefician 6 personas afectadas por esclerosis m\u00faltiple y que presentan un alto grado de discapacidad.<\/p>\n","protected":false},"author":2,"featured_media":3607,"comment_status":"open","ping_status":"open","sticky":false,"template":"","format":"standard","meta":{"footnotes":""},"categories":[18,17],"tags":[110],"class_list":["post-3625","post","type-post","status-publish","format-standard","has-post-thumbnail","hentry","category-actualidad","category-eventos","tag-programa-de-atencion-social-2"],"yoast_head":"<!-- This site is optimized with the Yoast SEO plugin v17.9 - https:\/\/yoast.com\/wordpress\/plugins\/seo\/ -->\n<title>PROGRAMA DE ATENCI\u00d3N SOCIAL, ASESORAMENTO E ATENCI\u00d3N ESPECIALIZADA - ACEM Esclerosis<\/title>\n<meta name=\"description\" content=\"ACEM cuenta con cofinanciaci\u00f3n de la Xunta de Galicia procedente de la subvenci\u00f3n con cargo al 0,7% del IRPF para la ejecuci\u00f3n del programa, que gestiona COGAMI. La Asociaci\u00f3n Coru\u00f1a de Esclerosis M\u00faltiple (ACEM) contin\u00faa llevando a cabo un programa de atenci\u00f3n social, asesoramiento e intervenci\u00f3n especializada dedicado a la prestaci\u00f3n de servicios de trabajo social, del que se benefician 6 personas afectadas por esclerosis m\u00faltiple y que presentan un alto grado de discapacidad.\" \/>\n<meta name=\"robots\" content=\"index, follow, max-snippet:-1, max-image-preview:large, max-video-preview:-1\" \/>\n<link rel=\"canonical\" href=\"https:\/\/acemesclerosis.org\/?p=3625\" \/>\n<meta property=\"og:locale\" content=\"es_ES\" \/>\n<meta property=\"og:type\" content=\"article\" \/>\n<meta property=\"og:title\" content=\"PROGRAMA DE ATENCI\u00d3N SOCIAL, ASESORAMENTO E ATENCI\u00d3N ESPECIALIZADA - ACEM Esclerosis\" \/>\n<meta property=\"og:description\" content=\"ACEM cuenta con cofinanciaci\u00f3n de la Xunta de Galicia procedente de la subvenci\u00f3n con cargo al 0,7% del IRPF para la ejecuci\u00f3n del programa, que gestiona COGAMI. La Asociaci\u00f3n Coru\u00f1a de Esclerosis M\u00faltiple (ACEM) contin\u00faa llevando a cabo un programa de atenci\u00f3n social, asesoramiento e intervenci\u00f3n especializada dedicado a la prestaci\u00f3n de servicios de trabajo social, del que se benefician 6 personas afectadas por esclerosis m\u00faltiple y que presentan un alto grado de discapacidad.\" \/>\n<meta property=\"og:url\" content=\"https:\/\/acemesclerosis.org\/?p=3625\" \/>\n<meta property=\"og:site_name\" content=\"ACEM Esclerosis\" \/>\n<meta property=\"article:published_time\" content=\"2024-06-25T09:52:44+00:00\" \/>\n<meta property=\"article:modified_time\" content=\"2024-06-25T12:05:20+00:00\" \/>\n<meta property=\"og:image\" content=\"https:\/\/acemesclerosis.org\/wp-content\/uploads\/2024\/06\/PHOTO-2024-06-12-11-58-27.jpg\" \/>\n\t<meta property=\"og:image:width\" content=\"1131\" \/>\n\t<meta property=\"og:image:height\" content=\"1600\" \/>\n\t<meta property=\"og:image:type\" content=\"image\/jpeg\" \/>\n<meta name=\"twitter:card\" content=\"summary_large_image\" \/>\n<meta name=\"twitter:label1\" content=\"Escrito por\" \/>\n\t<meta name=\"twitter:data1\" content=\"acem\" \/>\n\t<meta name=\"twitter:label2\" content=\"Tiempo de lectura\" \/>\n\t<meta name=\"twitter:data2\" content=\"1 minuto\" \/>\n<script type=\"application\/ld+json\" class=\"yoast-schema-graph\">{\"@context\":\"https:\/\/schema.org\",\"@graph\":[{\"@type\":\"Organization\",\"@id\":\"https:\/\/192.168.1.117:8086\/#organization\",\"name\":\"Acem Esclerosis\",\"url\":\"https:\/\/192.168.1.117:8086\/\",\"sameAs\":[],\"logo\":{\"@type\":\"ImageObject\",\"@id\":\"https:\/\/192.168.1.117:8086\/#logo\",\"inLanguage\":\"es\",\"url\":\"https:\/\/acemesclerosis.org\/wp-content\/uploads\/2021\/09\/WhatsApp-Image-2021-09-27-at-14.06.43.jpeg\",\"contentUrl\":\"https:\/\/acemesclerosis.org\/wp-content\/uploads\/2021\/09\/WhatsApp-Image-2021-09-27-at-14.06.43.jpeg\",\"width\":1600,\"height\":592,\"caption\":\"Acem Esclerosis\"},\"image\":{\"@id\":\"https:\/\/192.168.1.117:8086\/#logo\"}},{\"@type\":\"WebSite\",\"@id\":\"https:\/\/192.168.1.117:8086\/#website\",\"url\":\"https:\/\/192.168.1.117:8086\/\",\"name\":\"ACEM Esclerosis\",\"description\":\"Asociaci\\u00f3n Coru\\u00f1esa de Esclerosis M\\u00faltiple\",\"publisher\":{\"@id\":\"https:\/\/192.168.1.117:8086\/#organization\"},\"potentialAction\":[{\"@type\":\"SearchAction\",\"target\":{\"@type\":\"EntryPoint\",\"urlTemplate\":\"https:\/\/192.168.1.117:8086\/?s={search_term_string}\"},\"query-input\":\"required name=search_term_string\"}],\"inLanguage\":\"es\"},{\"@type\":\"ImageObject\",\"@id\":\"https:\/\/acemesclerosis.org\/?p=3625#primaryimage\",\"inLanguage\":\"es\",\"url\":\"https:\/\/acemesclerosis.org\/wp-content\/uploads\/2024\/06\/PHOTO-2024-06-12-11-58-27.jpg\",\"contentUrl\":\"https:\/\/acemesclerosis.org\/wp-content\/uploads\/2024\/06\/PHOTO-2024-06-12-11-58-27.jpg\",\"width\":1131,\"height\":1600},{\"@type\":\"WebPage\",\"@id\":\"https:\/\/acemesclerosis.org\/?p=3625#webpage\",\"url\":\"https:\/\/acemesclerosis.org\/?p=3625\",\"name\":\"PROGRAMA DE ATENCI\\u00d3N SOCIAL, ASESORAMENTO E ATENCI\\u00d3N ESPECIALIZADA - ACEM Esclerosis\",\"isPartOf\":{\"@id\":\"https:\/\/192.168.1.117:8086\/#website\"},\"primaryImageOfPage\":{\"@id\":\"https:\/\/acemesclerosis.org\/?p=3625#primaryimage\"},\"datePublished\":\"2024-06-25T09:52:44+00:00\",\"dateModified\":\"2024-06-25T12:05:20+00:00\",\"description\":\"ACEM cuenta con cofinanciaci\\u00f3n de la Xunta de Galicia procedente de la subvenci\\u00f3n con cargo al 0,7% del IRPF para la ejecuci\\u00f3n del programa, que gestiona COGAMI. La Asociaci\\u00f3n Coru\\u00f1a de Esclerosis M\\u00faltiple (ACEM) contin\\u00faa llevando a cabo un programa de atenci\\u00f3n social, asesoramiento e intervenci\\u00f3n especializada dedicado a la prestaci\\u00f3n de servicios de trabajo social, del que se benefician 6 personas afectadas por esclerosis m\\u00faltiple y que presentan un alto grado de discapacidad.\",\"breadcrumb\":{\"@id\":\"https:\/\/acemesclerosis.org\/?p=3625#breadcrumb\"},\"inLanguage\":\"es\",\"potentialAction\":[{\"@type\":\"ReadAction\",\"target\":[\"https:\/\/acemesclerosis.org\/?p=3625\"]}]},{\"@type\":\"BreadcrumbList\",\"@id\":\"https:\/\/acemesclerosis.org\/?p=3625#breadcrumb\",\"itemListElement\":[{\"@type\":\"ListItem\",\"position\":1,\"name\":\"Portada\",\"item\":\"https:\/\/192.168.1.117:8086\/\"},{\"@type\":\"ListItem\",\"position\":2,\"name\":\"PROGRAMA DE ATENCI\\u00d3N SOCIAL, ASESORAMENTO E ATENCI\\u00d3N ESPECIALIZADA\"}]},{\"@type\":[\"Article\",\"BlogPosting\"],\"@id\":\"https:\/\/acemesclerosis.org\/?p=3625#article\",\"isPartOf\":{\"@id\":\"https:\/\/acemesclerosis.org\/?p=3625#webpage\"},\"author\":{\"@id\":\"https:\/\/192.168.1.117:8086\/#\/schema\/person\/054bfdc58cb48a8b5899dcbdf2d388da\"},\"headline\":\"PROGRAMA DE ATENCI\\u00d3N SOCIAL, ASESORAMENTO E ATENCI\\u00d3N ESPECIALIZADA\",\"datePublished\":\"2024-06-25T09:52:44+00:00\",\"dateModified\":\"2024-06-25T12:05:20+00:00\",\"mainEntityOfPage\":{\"@id\":\"https:\/\/acemesclerosis.org\/?p=3625#webpage\"},\"wordCount\":259,\"commentCount\":0,\"publisher\":{\"@id\":\"https:\/\/192.168.1.117:8086\/#organization\"},\"image\":{\"@id\":\"https:\/\/acemesclerosis.org\/?p=3625#primaryimage\"},\"thumbnailUrl\":\"https:\/\/acemesclerosis.org\/wp-content\/uploads\/2024\/06\/PHOTO-2024-06-12-11-58-27.jpg\",\"keywords\":[\"PROGRAMA DE ATENCI\\u00d3N SOCIAL\"],\"articleSection\":[\"Actualidad\",\"Eventos\"],\"inLanguage\":\"es\",\"potentialAction\":[{\"@type\":\"CommentAction\",\"name\":\"Comment\",\"target\":[\"https:\/\/acemesclerosis.org\/?p=3625#respond\"]}]},{\"@type\":\"Person\",\"@id\":\"https:\/\/192.168.1.117:8086\/#\/schema\/person\/054bfdc58cb48a8b5899dcbdf2d388da\",\"name\":\"acem\",\"image\":{\"@type\":\"ImageObject\",\"@id\":\"https:\/\/192.168.1.117:8086\/#personlogo\",\"inLanguage\":\"es\",\"url\":\"https:\/\/acemesclerosis.org\/wp-content\/uploads\/2025\/04\/avatar_user_2_1744704335-96x96.png\",\"contentUrl\":\"https:\/\/acemesclerosis.org\/wp-content\/uploads\/2025\/04\/avatar_user_2_1744704335-96x96.png\",\"caption\":\"acem\"},\"url\":\"https:\/\/acemesclerosis.org\/?author=2\"}]}<\/script>\n<!-- \/ Yoast SEO plugin. -->","yoast_head_json":{"title":"PROGRAMA DE ATENCI\u00d3N SOCIAL, ASESORAMENTO E ATENCI\u00d3N ESPECIALIZADA - ACEM Esclerosis","description":"ACEM cuenta con cofinanciaci\u00f3n de la Xunta de Galicia procedente de la subvenci\u00f3n con cargo al 0,7% del IRPF para la ejecuci\u00f3n del programa, que gestiona COGAMI. La Asociaci\u00f3n Coru\u00f1a de Esclerosis M\u00faltiple (ACEM) contin\u00faa llevando a cabo un programa de atenci\u00f3n social, asesoramiento e intervenci\u00f3n especializada dedicado a la prestaci\u00f3n de servicios de trabajo social, del que se benefician 6 personas afectadas por esclerosis m\u00faltiple y que presentan un alto grado de discapacidad.","robots":{"index":"index","follow":"follow","max-snippet":"max-snippet:-1","max-image-preview":"max-image-preview:large","max-video-preview":"max-video-preview:-1"},"canonical":"https:\/\/acemesclerosis.org\/?p=3625","og_locale":"es_ES","og_type":"article","og_title":"PROGRAMA DE ATENCI\u00d3N SOCIAL, ASESORAMENTO E ATENCI\u00d3N ESPECIALIZADA - ACEM Esclerosis","og_description":"ACEM cuenta con cofinanciaci\u00f3n de la Xunta de Galicia procedente de la subvenci\u00f3n con cargo al 0,7% del IRPF para la ejecuci\u00f3n del programa, que gestiona COGAMI. La Asociaci\u00f3n Coru\u00f1a de Esclerosis M\u00faltiple (ACEM) contin\u00faa llevando a cabo un programa de atenci\u00f3n social, asesoramiento e intervenci\u00f3n especializada dedicado a la prestaci\u00f3n de servicios de trabajo social, del que se benefician 6 personas afectadas por esclerosis m\u00faltiple y que presentan un alto grado de discapacidad.","og_url":"https:\/\/acemesclerosis.org\/?p=3625","og_site_name":"ACEM Esclerosis","article_published_time":"2024-06-25T09:52:44+00:00","article_modified_time":"2024-06-25T12:05:20+00:00","og_image":[{"width":1131,"height":1600,"url":"https:\/\/acemesclerosis.org\/wp-content\/uploads\/2024\/06\/PHOTO-2024-06-12-11-58-27.jpg","type":"image\/jpeg"}],"twitter_card":"summary_large_image","twitter_misc":{"Escrito por":"acem","Tiempo de lectura":"1 minuto"},"schema":{"@context":"https:\/\/schema.org","@graph":[{"@type":"Organization","@id":"https:\/\/192.168.1.117:8086\/#organization","name":"Acem Esclerosis","url":"https:\/\/192.168.1.117:8086\/","sameAs":[],"logo":{"@type":"ImageObject","@id":"https:\/\/192.168.1.117:8086\/#logo","inLanguage":"es","url":"https:\/\/acemesclerosis.org\/wp-content\/uploads\/2021\/09\/WhatsApp-Image-2021-09-27-at-14.06.43.jpeg","contentUrl":"https:\/\/acemesclerosis.org\/wp-content\/uploads\/2021\/09\/WhatsApp-Image-2021-09-27-at-14.06.43.jpeg","width":1600,"height":592,"caption":"Acem Esclerosis"},"image":{"@id":"https:\/\/192.168.1.117:8086\/#logo"}},{"@type":"WebSite","@id":"https:\/\/192.168.1.117:8086\/#website","url":"https:\/\/192.168.1.117:8086\/","name":"ACEM Esclerosis","description":"Asociaci\u00f3n Coru\u00f1esa de Esclerosis M\u00faltiple","publisher":{"@id":"https:\/\/192.168.1.117:8086\/#organization"},"potentialAction":[{"@type":"SearchAction","target":{"@type":"EntryPoint","urlTemplate":"https:\/\/192.168.1.117:8086\/?s={search_term_string}"},"query-input":"required name=search_term_string"}],"inLanguage":"es"},{"@type":"ImageObject","@id":"https:\/\/acemesclerosis.org\/?p=3625#primaryimage","inLanguage":"es","url":"https:\/\/acemesclerosis.org\/wp-content\/uploads\/2024\/06\/PHOTO-2024-06-12-11-58-27.jpg","contentUrl":"https:\/\/acemesclerosis.org\/wp-content\/uploads\/2024\/06\/PHOTO-2024-06-12-11-58-27.jpg","width":1131,"height":1600},{"@type":"WebPage","@id":"https:\/\/acemesclerosis.org\/?p=3625#webpage","url":"https:\/\/acemesclerosis.org\/?p=3625","name":"PROGRAMA DE ATENCI\u00d3N SOCIAL, ASESORAMENTO E ATENCI\u00d3N ESPECIALIZADA - ACEM Esclerosis","isPartOf":{"@id":"https:\/\/192.168.1.117:8086\/#website"},"primaryImageOfPage":{"@id":"https:\/\/acemesclerosis.org\/?p=3625#primaryimage"},"datePublished":"2024-06-25T09:52:44+00:00","dateModified":"2024-06-25T12:05:20+00:00","description":"ACEM cuenta con cofinanciaci\u00f3n de la Xunta de Galicia procedente de la subvenci\u00f3n con cargo al 0,7% del IRPF para la ejecuci\u00f3n del programa, que gestiona COGAMI. La Asociaci\u00f3n Coru\u00f1a de Esclerosis M\u00faltiple (ACEM) contin\u00faa llevando a cabo un programa de atenci\u00f3n social, asesoramiento e intervenci\u00f3n especializada dedicado a la prestaci\u00f3n de servicios de trabajo social, del que se benefician 6 personas afectadas por esclerosis m\u00faltiple y que presentan un alto grado de discapacidad.","breadcrumb":{"@id":"https:\/\/acemesclerosis.org\/?p=3625#breadcrumb"},"inLanguage":"es","potentialAction":[{"@type":"ReadAction","target":["https:\/\/acemesclerosis.org\/?p=3625"]}]},{"@type":"BreadcrumbList","@id":"https:\/\/acemesclerosis.org\/?p=3625#breadcrumb","itemListElement":[{"@type":"ListItem","position":1,"name":"Portada","item":"https:\/\/192.168.1.117:8086\/"},{"@type":"ListItem","position":2,"name":"PROGRAMA DE ATENCI\u00d3N SOCIAL, ASESORAMENTO E ATENCI\u00d3N ESPECIALIZADA"}]},{"@type":["Article","BlogPosting"],"@id":"https:\/\/acemesclerosis.org\/?p=3625#article","isPartOf":{"@id":"https:\/\/acemesclerosis.org\/?p=3625#webpage"},"author":{"@id":"https:\/\/192.168.1.117:8086\/#\/schema\/person\/054bfdc58cb48a8b5899dcbdf2d388da"},"headline":"PROGRAMA DE ATENCI\u00d3N SOCIAL, ASESORAMENTO E ATENCI\u00d3N ESPECIALIZADA","datePublished":"2024-06-25T09:52:44+00:00","dateModified":"2024-06-25T12:05:20+00:00","mainEntityOfPage":{"@id":"https:\/\/acemesclerosis.org\/?p=3625#webpage"},"wordCount":259,"commentCount":0,"publisher":{"@id":"https:\/\/192.168.1.117:8086\/#organization"},"image":{"@id":"https:\/\/acemesclerosis.org\/?p=3625#primaryimage"},"thumbnailUrl":"https:\/\/acemesclerosis.org\/wp-content\/uploads\/2024\/06\/PHOTO-2024-06-12-11-58-27.jpg","keywords":["PROGRAMA DE ATENCI\u00d3N SOCIAL"],"articleSection":["Actualidad","Eventos"],"inLanguage":"es","potentialAction":[{"@type":"CommentAction","name":"Comment","target":["https:\/\/acemesclerosis.org\/?p=3625#respond"]}]},{"@type":"Person","@id":"https:\/\/192.168.1.117:8086\/#\/schema\/person\/054bfdc58cb48a8b5899dcbdf2d388da","name":"acem","image":{"@type":"ImageObject","@id":"https:\/\/192.168.1.117:8086\/#personlogo","inLanguage":"es","url":"https:\/\/acemesclerosis.org\/wp-content\/uploads\/2025\/04\/avatar_user_2_1744704335-96x96.png","contentUrl":"https:\/\/acemesclerosis.org\/wp-content\/uploads\/2025\/04\/avatar_user_2_1744704335-96x96.png","caption":"acem"},"url":"https:\/\/acemesclerosis.org\/?author=2"}]}},"_links":{"self":[{"href":"https:\/\/acemesclerosis.org\/index.php?rest_route=\/wp\/v2\/posts\/3625","targetHints":{"allow":["GET"]}}],"collection":[{"href":"https:\/\/acemesclerosis.org\/index.php?rest_route=\/wp\/v2\/posts"}],"about":[{"href":"https:\/\/acemesclerosis.org\/index.php?rest_route=\/wp\/v2\/types\/post"}],"author":[{"embeddable":true,"href":"https:\/\/acemesclerosis.org\/index.php?rest_route=\/wp\/v2\/users\/2"}],"replies":[{"embeddable":true,"href":"https:\/\/acemesclerosis.org\/index.php?rest_route=%2Fwp%2Fv2%2Fcomments&post=3625"}],"version-history":[{"count":4,"href":"https:\/\/acemesclerosis.org\/index.php?rest_route=\/wp\/v2\/posts\/3625\/revisions"}],"predecessor-version":[{"id":3629,"href":"https:\/\/acemesclerosis.org\/index.php?rest_route=\/wp\/v2\/posts\/3625\/revisions\/3629"}],"wp:featuredmedia":[{"embeddable":true,"href":"https:\/\/acemesclerosis.org\/index.php?rest_route=\/wp\/v2\/media\/3607"}],"wp:attachment":[{"href":"https:\/\/acemesclerosis.org\/index.php?rest_route=%2Fwp%2Fv2%2Fmedia&parent=3625"}],"wp:term":[{"taxonomy":"category","embeddable":true,"href":"https:\/\/acemesclerosis.org\/index.php?rest_route=%2Fwp%2Fv2%2Fcategories&post=3625"},{"taxonomy":"post_tag","embeddable":true,"href":"https:\/\/acemesclerosis.org\/index.php?rest_route=%2Fwp%2Fv2%2Ftags&post=3625"}],"curies":[{"name":"wp","href":"https:\/\/api.w.org\/{rel}","templated":true}]}}