{"id":4265,"date":"2024-12-20T12:15:58","date_gmt":"2024-12-20T12:15:58","guid":{"rendered":"https:\/\/acemesclerosis.org\/?p=4265"},"modified":"2025-03-24T12:22:15","modified_gmt":"2025-03-24T12:22:15","slug":"programa-de-gestion-y-coordinacion-de-la-rehabilitacion-2","status":"publish","type":"post","link":"https:\/\/acemesclerosis.org\/?p=4265","title":{"rendered":"Programa de Gesti\u00f3n y coordinaci\u00f3n de la Rehabilitaci\u00f3n"},"content":{"rendered":"\n<p>A trav\u00e9s de la Convocatoria del programa de subvenciones a entidades sin \u00e1nimo de lucro para el mantenimiento de programas sociosanitarios (FOCVAA), la Diputaci\u00f3n de A Coru\u00f1a colabor\u00f3 con 24.480 euros (68 % de financiaci\u00f3n) en este 2024, confiando en nuestra entidad con el \u00abPrograma de Gesti\u00f3n y coordinaci\u00f3n de la Rehabilitaci\u00f3n\u00bb<\/p>\n\n\n\n<figure class=\"wp-block-image size-large\"><img loading=\"lazy\" decoding=\"async\" width=\"865\" height=\"1024\" src=\"https:\/\/acemesclerosis.org\/wp-content\/uploads\/2024\/12\/DIPU-865x1024.jpg\" alt=\"\" class=\"wp-image-4272\" srcset=\"https:\/\/acemesclerosis.org\/wp-content\/uploads\/2024\/12\/DIPU-865x1024.jpg 865w, https:\/\/acemesclerosis.org\/wp-content\/uploads\/2024\/12\/DIPU-253x300.jpg 253w, https:\/\/acemesclerosis.org\/wp-content\/uploads\/2024\/12\/DIPU-768x909.jpg 768w, https:\/\/acemesclerosis.org\/wp-content\/uploads\/2024\/12\/DIPU-1297x1536.jpg 1297w, https:\/\/acemesclerosis.org\/wp-content\/uploads\/2024\/12\/DIPU.jpg 1609w\" sizes=\"auto, (max-width: 865px) 100vw, 865px\" \/><\/figure>\n","protected":false},"excerpt":{"rendered":"<p>La Diputaci\u00f3n de A Coru\u00f1a, a trav\u00e9s de la Convocatoria FOCVAA colabor\u00f3 con 18.040 euros en este 2023 confiando en nuestra entidad con el \u00abPrograma de Gesti\u00f3n y coordinaci\u00f3n de la Rehabilitaci\u00f3n \u00ab<\/p>\n","protected":false},"author":2,"featured_media":2917,"comment_status":"open","ping_status":"open","sticky":false,"template":"","format":"standard","meta":{"footnotes":""},"categories":[18,17],"tags":[],"class_list":["post-4265","post","type-post","status-publish","format-standard","has-post-thumbnail","hentry","category-actualidad","category-eventos"],"yoast_head":"<!-- This site is optimized with the Yoast SEO plugin v17.9 - https:\/\/yoast.com\/wordpress\/plugins\/seo\/ -->\n<title>Programa de Gesti\u00f3n y coordinaci\u00f3n de la Rehabilitaci\u00f3n - ACEM Esclerosis<\/title>\n<meta name=\"description\" content=\"La Diputaci\u00f3n de A Coru\u00f1a, a trav\u00e9s de la Convocatoria FOCVAA colabor\u00f3 con 18.040 euros en este 2023 confiando en nuestra entidad con el &quot;Programa de Gesti\u00f3n y coordinaci\u00f3n de la Rehabilitaci\u00f3n\" \/>\n<meta name=\"robots\" content=\"index, follow, max-snippet:-1, max-image-preview:large, max-video-preview:-1\" \/>\n<link rel=\"canonical\" href=\"https:\/\/acemesclerosis.org\/?p=4265\" \/>\n<meta property=\"og:locale\" content=\"es_ES\" \/>\n<meta property=\"og:type\" content=\"article\" \/>\n<meta property=\"og:title\" content=\"Programa de Gesti\u00f3n y coordinaci\u00f3n de la Rehabilitaci\u00f3n - ACEM Esclerosis\" \/>\n<meta property=\"og:description\" content=\"La Diputaci\u00f3n de A Coru\u00f1a, a trav\u00e9s de la Convocatoria FOCVAA colabor\u00f3 con 18.040 euros en este 2023 confiando en nuestra entidad con el &quot;Programa de Gesti\u00f3n y coordinaci\u00f3n de la Rehabilitaci\u00f3n\" \/>\n<meta property=\"og:url\" content=\"https:\/\/acemesclerosis.org\/?p=4265\" \/>\n<meta property=\"og:site_name\" content=\"ACEM Esclerosis\" \/>\n<meta property=\"article:published_time\" content=\"2024-12-20T12:15:58+00:00\" \/>\n<meta property=\"article:modified_time\" content=\"2025-03-24T12:22:15+00:00\" \/>\n<meta property=\"og:image\" content=\"https:\/\/acemesclerosis.org\/wp-content\/uploads\/2023\/12\/414720873_374687618549319_2429313655262208426_n.jpg\" \/>\n\t<meta property=\"og:image:width\" content=\"1152\" \/>\n\t<meta property=\"og:image:height\" content=\"1440\" \/>\n\t<meta property=\"og:image:type\" content=\"image\/jpeg\" \/>\n<meta name=\"twitter:card\" content=\"summary_large_image\" \/>\n<meta name=\"twitter:label1\" content=\"Escrito por\" \/>\n\t<meta name=\"twitter:data1\" content=\"acem\" \/>\n<script type=\"application\/ld+json\" class=\"yoast-schema-graph\">{\"@context\":\"https:\/\/schema.org\",\"@graph\":[{\"@type\":\"Organization\",\"@id\":\"https:\/\/192.168.1.117:8086\/#organization\",\"name\":\"Acem Esclerosis\",\"url\":\"https:\/\/192.168.1.117:8086\/\",\"sameAs\":[],\"logo\":{\"@type\":\"ImageObject\",\"@id\":\"https:\/\/192.168.1.117:8086\/#logo\",\"inLanguage\":\"es\",\"url\":\"https:\/\/acemesclerosis.org\/wp-content\/uploads\/2021\/09\/WhatsApp-Image-2021-09-27-at-14.06.43.jpeg\",\"contentUrl\":\"https:\/\/acemesclerosis.org\/wp-content\/uploads\/2021\/09\/WhatsApp-Image-2021-09-27-at-14.06.43.jpeg\",\"width\":1600,\"height\":592,\"caption\":\"Acem Esclerosis\"},\"image\":{\"@id\":\"https:\/\/192.168.1.117:8086\/#logo\"}},{\"@type\":\"WebSite\",\"@id\":\"https:\/\/192.168.1.117:8086\/#website\",\"url\":\"https:\/\/192.168.1.117:8086\/\",\"name\":\"ACEM Esclerosis\",\"description\":\"Asociaci\\u00f3n Coru\\u00f1esa de Esclerosis M\\u00faltiple\",\"publisher\":{\"@id\":\"https:\/\/192.168.1.117:8086\/#organization\"},\"potentialAction\":[{\"@type\":\"SearchAction\",\"target\":{\"@type\":\"EntryPoint\",\"urlTemplate\":\"https:\/\/192.168.1.117:8086\/?s={search_term_string}\"},\"query-input\":\"required name=search_term_string\"}],\"inLanguage\":\"es\"},{\"@type\":\"ImageObject\",\"@id\":\"https:\/\/acemesclerosis.org\/?p=4265#primaryimage\",\"inLanguage\":\"es\",\"url\":\"https:\/\/acemesclerosis.org\/wp-content\/uploads\/2023\/12\/414720873_374687618549319_2429313655262208426_n.jpg\",\"contentUrl\":\"https:\/\/acemesclerosis.org\/wp-content\/uploads\/2023\/12\/414720873_374687618549319_2429313655262208426_n.jpg\",\"width\":1152,\"height\":1440},{\"@type\":\"WebPage\",\"@id\":\"https:\/\/acemesclerosis.org\/?p=4265#webpage\",\"url\":\"https:\/\/acemesclerosis.org\/?p=4265\",\"name\":\"Programa de Gesti\\u00f3n y coordinaci\\u00f3n de la Rehabilitaci\\u00f3n - ACEM Esclerosis\",\"isPartOf\":{\"@id\":\"https:\/\/192.168.1.117:8086\/#website\"},\"primaryImageOfPage\":{\"@id\":\"https:\/\/acemesclerosis.org\/?p=4265#primaryimage\"},\"datePublished\":\"2024-12-20T12:15:58+00:00\",\"dateModified\":\"2025-03-24T12:22:15+00:00\",\"description\":\"La Diputaci\\u00f3n de A Coru\\u00f1a, a trav\\u00e9s de la Convocatoria FOCVAA colabor\\u00f3 con 18.040 euros en este 2023 confiando en nuestra entidad con el \\\"Programa de Gesti\\u00f3n y coordinaci\\u00f3n de la Rehabilitaci\\u00f3n\",\"breadcrumb\":{\"@id\":\"https:\/\/acemesclerosis.org\/?p=4265#breadcrumb\"},\"inLanguage\":\"es\",\"potentialAction\":[{\"@type\":\"ReadAction\",\"target\":[\"https:\/\/acemesclerosis.org\/?p=4265\"]}]},{\"@type\":\"BreadcrumbList\",\"@id\":\"https:\/\/acemesclerosis.org\/?p=4265#breadcrumb\",\"itemListElement\":[{\"@type\":\"ListItem\",\"position\":1,\"name\":\"Portada\",\"item\":\"https:\/\/192.168.1.117:8086\/\"},{\"@type\":\"ListItem\",\"position\":2,\"name\":\"Programa de Gesti\\u00f3n y coordinaci\\u00f3n de la Rehabilitaci\\u00f3n\"}]},{\"@type\":[\"Article\",\"BlogPosting\"],\"@id\":\"https:\/\/acemesclerosis.org\/?p=4265#article\",\"isPartOf\":{\"@id\":\"https:\/\/acemesclerosis.org\/?p=4265#webpage\"},\"author\":{\"@id\":\"https:\/\/192.168.1.117:8086\/#\/schema\/person\/054bfdc58cb48a8b5899dcbdf2d388da\"},\"headline\":\"Programa de Gesti\\u00f3n y coordinaci\\u00f3n de la Rehabilitaci\\u00f3n\",\"datePublished\":\"2024-12-20T12:15:58+00:00\",\"dateModified\":\"2025-03-24T12:22:15+00:00\",\"mainEntityOfPage\":{\"@id\":\"https:\/\/acemesclerosis.org\/?p=4265#webpage\"},\"wordCount\":66,\"commentCount\":0,\"publisher\":{\"@id\":\"https:\/\/192.168.1.117:8086\/#organization\"},\"image\":{\"@id\":\"https:\/\/acemesclerosis.org\/?p=4265#primaryimage\"},\"thumbnailUrl\":\"https:\/\/acemesclerosis.org\/wp-content\/uploads\/2023\/12\/414720873_374687618549319_2429313655262208426_n.jpg\",\"articleSection\":[\"Actualidad\",\"Eventos\"],\"inLanguage\":\"es\",\"potentialAction\":[{\"@type\":\"CommentAction\",\"name\":\"Comment\",\"target\":[\"https:\/\/acemesclerosis.org\/?p=4265#respond\"]}]},{\"@type\":\"Person\",\"@id\":\"https:\/\/192.168.1.117:8086\/#\/schema\/person\/054bfdc58cb48a8b5899dcbdf2d388da\",\"name\":\"acem\",\"image\":{\"@type\":\"ImageObject\",\"@id\":\"https:\/\/192.168.1.117:8086\/#personlogo\",\"inLanguage\":\"es\",\"url\":\"https:\/\/acemesclerosis.org\/wp-content\/uploads\/2025\/04\/avatar_user_2_1744704335-96x96.png\",\"contentUrl\":\"https:\/\/acemesclerosis.org\/wp-content\/uploads\/2025\/04\/avatar_user_2_1744704335-96x96.png\",\"caption\":\"acem\"},\"url\":\"https:\/\/acemesclerosis.org\/?author=2\"}]}<\/script>\n<!-- \/ Yoast SEO plugin. -->","yoast_head_json":{"title":"Programa de Gesti\u00f3n y coordinaci\u00f3n de la Rehabilitaci\u00f3n - ACEM Esclerosis","description":"La Diputaci\u00f3n de A Coru\u00f1a, a trav\u00e9s de la Convocatoria FOCVAA colabor\u00f3 con 18.040 euros en este 2023 confiando en nuestra entidad con el \"Programa de Gesti\u00f3n y coordinaci\u00f3n de la Rehabilitaci\u00f3n","robots":{"index":"index","follow":"follow","max-snippet":"max-snippet:-1","max-image-preview":"max-image-preview:large","max-video-preview":"max-video-preview:-1"},"canonical":"https:\/\/acemesclerosis.org\/?p=4265","og_locale":"es_ES","og_type":"article","og_title":"Programa de Gesti\u00f3n y coordinaci\u00f3n de la Rehabilitaci\u00f3n - ACEM Esclerosis","og_description":"La Diputaci\u00f3n de A Coru\u00f1a, a trav\u00e9s de la Convocatoria FOCVAA colabor\u00f3 con 18.040 euros en este 2023 confiando en nuestra entidad con el \"Programa de Gesti\u00f3n y coordinaci\u00f3n de la Rehabilitaci\u00f3n","og_url":"https:\/\/acemesclerosis.org\/?p=4265","og_site_name":"ACEM Esclerosis","article_published_time":"2024-12-20T12:15:58+00:00","article_modified_time":"2025-03-24T12:22:15+00:00","og_image":[{"width":1152,"height":1440,"url":"https:\/\/acemesclerosis.org\/wp-content\/uploads\/2023\/12\/414720873_374687618549319_2429313655262208426_n.jpg","type":"image\/jpeg"}],"twitter_card":"summary_large_image","twitter_misc":{"Escrito por":"acem"},"schema":{"@context":"https:\/\/schema.org","@graph":[{"@type":"Organization","@id":"https:\/\/192.168.1.117:8086\/#organization","name":"Acem Esclerosis","url":"https:\/\/192.168.1.117:8086\/","sameAs":[],"logo":{"@type":"ImageObject","@id":"https:\/\/192.168.1.117:8086\/#logo","inLanguage":"es","url":"https:\/\/acemesclerosis.org\/wp-content\/uploads\/2021\/09\/WhatsApp-Image-2021-09-27-at-14.06.43.jpeg","contentUrl":"https:\/\/acemesclerosis.org\/wp-content\/uploads\/2021\/09\/WhatsApp-Image-2021-09-27-at-14.06.43.jpeg","width":1600,"height":592,"caption":"Acem Esclerosis"},"image":{"@id":"https:\/\/192.168.1.117:8086\/#logo"}},{"@type":"WebSite","@id":"https:\/\/192.168.1.117:8086\/#website","url":"https:\/\/192.168.1.117:8086\/","name":"ACEM Esclerosis","description":"Asociaci\u00f3n Coru\u00f1esa de Esclerosis M\u00faltiple","publisher":{"@id":"https:\/\/192.168.1.117:8086\/#organization"},"potentialAction":[{"@type":"SearchAction","target":{"@type":"EntryPoint","urlTemplate":"https:\/\/192.168.1.117:8086\/?s={search_term_string}"},"query-input":"required name=search_term_string"}],"inLanguage":"es"},{"@type":"ImageObject","@id":"https:\/\/acemesclerosis.org\/?p=4265#primaryimage","inLanguage":"es","url":"https:\/\/acemesclerosis.org\/wp-content\/uploads\/2023\/12\/414720873_374687618549319_2429313655262208426_n.jpg","contentUrl":"https:\/\/acemesclerosis.org\/wp-content\/uploads\/2023\/12\/414720873_374687618549319_2429313655262208426_n.jpg","width":1152,"height":1440},{"@type":"WebPage","@id":"https:\/\/acemesclerosis.org\/?p=4265#webpage","url":"https:\/\/acemesclerosis.org\/?p=4265","name":"Programa de Gesti\u00f3n y coordinaci\u00f3n de la Rehabilitaci\u00f3n - ACEM Esclerosis","isPartOf":{"@id":"https:\/\/192.168.1.117:8086\/#website"},"primaryImageOfPage":{"@id":"https:\/\/acemesclerosis.org\/?p=4265#primaryimage"},"datePublished":"2024-12-20T12:15:58+00:00","dateModified":"2025-03-24T12:22:15+00:00","description":"La Diputaci\u00f3n de A Coru\u00f1a, a trav\u00e9s de la Convocatoria FOCVAA colabor\u00f3 con 18.040 euros en este 2023 confiando en nuestra entidad con el \"Programa de Gesti\u00f3n y coordinaci\u00f3n de la Rehabilitaci\u00f3n","breadcrumb":{"@id":"https:\/\/acemesclerosis.org\/?p=4265#breadcrumb"},"inLanguage":"es","potentialAction":[{"@type":"ReadAction","target":["https:\/\/acemesclerosis.org\/?p=4265"]}]},{"@type":"BreadcrumbList","@id":"https:\/\/acemesclerosis.org\/?p=4265#breadcrumb","itemListElement":[{"@type":"ListItem","position":1,"name":"Portada","item":"https:\/\/192.168.1.117:8086\/"},{"@type":"ListItem","position":2,"name":"Programa de Gesti\u00f3n y coordinaci\u00f3n de la Rehabilitaci\u00f3n"}]},{"@type":["Article","BlogPosting"],"@id":"https:\/\/acemesclerosis.org\/?p=4265#article","isPartOf":{"@id":"https:\/\/acemesclerosis.org\/?p=4265#webpage"},"author":{"@id":"https:\/\/192.168.1.117:8086\/#\/schema\/person\/054bfdc58cb48a8b5899dcbdf2d388da"},"headline":"Programa de Gesti\u00f3n y coordinaci\u00f3n de la Rehabilitaci\u00f3n","datePublished":"2024-12-20T12:15:58+00:00","dateModified":"2025-03-24T12:22:15+00:00","mainEntityOfPage":{"@id":"https:\/\/acemesclerosis.org\/?p=4265#webpage"},"wordCount":66,"commentCount":0,"publisher":{"@id":"https:\/\/192.168.1.117:8086\/#organization"},"image":{"@id":"https:\/\/acemesclerosis.org\/?p=4265#primaryimage"},"thumbnailUrl":"https:\/\/acemesclerosis.org\/wp-content\/uploads\/2023\/12\/414720873_374687618549319_2429313655262208426_n.jpg","articleSection":["Actualidad","Eventos"],"inLanguage":"es","potentialAction":[{"@type":"CommentAction","name":"Comment","target":["https:\/\/acemesclerosis.org\/?p=4265#respond"]}]},{"@type":"Person","@id":"https:\/\/192.168.1.117:8086\/#\/schema\/person\/054bfdc58cb48a8b5899dcbdf2d388da","name":"acem","image":{"@type":"ImageObject","@id":"https:\/\/192.168.1.117:8086\/#personlogo","inLanguage":"es","url":"https:\/\/acemesclerosis.org\/wp-content\/uploads\/2025\/04\/avatar_user_2_1744704335-96x96.png","contentUrl":"https:\/\/acemesclerosis.org\/wp-content\/uploads\/2025\/04\/avatar_user_2_1744704335-96x96.png","caption":"acem"},"url":"https:\/\/acemesclerosis.org\/?author=2"}]}},"_links":{"self":[{"href":"https:\/\/acemesclerosis.org\/index.php?rest_route=\/wp\/v2\/posts\/4265","targetHints":{"allow":["GET"]}}],"collection":[{"href":"https:\/\/acemesclerosis.org\/index.php?rest_route=\/wp\/v2\/posts"}],"about":[{"href":"https:\/\/acemesclerosis.org\/index.php?rest_route=\/wp\/v2\/types\/post"}],"author":[{"embeddable":true,"href":"https:\/\/acemesclerosis.org\/index.php?rest_route=\/wp\/v2\/users\/2"}],"replies":[{"embeddable":true,"href":"https:\/\/acemesclerosis.org\/index.php?rest_route=%2Fwp%2Fv2%2Fcomments&post=4265"}],"version-history":[{"count":2,"href":"https:\/\/acemesclerosis.org\/index.php?rest_route=\/wp\/v2\/posts\/4265\/revisions"}],"predecessor-version":[{"id":4273,"href":"https:\/\/acemesclerosis.org\/index.php?rest_route=\/wp\/v2\/posts\/4265\/revisions\/4273"}],"wp:featuredmedia":[{"embeddable":true,"href":"https:\/\/acemesclerosis.org\/index.php?rest_route=\/wp\/v2\/media\/2917"}],"wp:attachment":[{"href":"https:\/\/acemesclerosis.org\/index.php?rest_route=%2Fwp%2Fv2%2Fmedia&parent=4265"}],"wp:term":[{"taxonomy":"category","embeddable":true,"href":"https:\/\/acemesclerosis.org\/index.php?rest_route=%2Fwp%2Fv2%2Fcategories&post=4265"},{"taxonomy":"post_tag","embeddable":true,"href":"https:\/\/acemesclerosis.org\/index.php?rest_route=%2Fwp%2Fv2%2Ftags&post=4265"}],"curies":[{"name":"wp","href":"https:\/\/api.w.org\/{rel}","templated":true}]}}