{"id":4769,"date":"2025-06-09T08:23:29","date_gmt":"2025-06-09T08:23:29","guid":{"rendered":"https:\/\/acemesclerosis.org\/?p=4769"},"modified":"2025-06-09T08:23:37","modified_gmt":"2025-06-09T08:23:37","slug":"gala-30-primaveras-premios-empuje","status":"publish","type":"post","link":"https:\/\/acemesclerosis.org\/?p=4769","title":{"rendered":"GALA 30 PRIMAVERAS, PREMIOS EMPUJE"},"content":{"rendered":"\n<figure class=\"wp-block-gallery has-nested-images columns-default is-cropped wp-block-gallery-1 is-layout-flex wp-block-gallery-is-layout-flex\">\n<figure class=\"wp-block-image size-large\"><img loading=\"lazy\" decoding=\"async\" width=\"819\" height=\"1024\" data-id=\"4770\" src=\"https:\/\/acemesclerosis.org\/wp-content\/uploads\/2025\/06\/cartel-Premios-002-819x1024.png\" alt=\"\" class=\"wp-image-4770\" srcset=\"https:\/\/acemesclerosis.org\/wp-content\/uploads\/2025\/06\/cartel-Premios-002-819x1024.png 819w, https:\/\/acemesclerosis.org\/wp-content\/uploads\/2025\/06\/cartel-Premios-002-240x300.png 240w, https:\/\/acemesclerosis.org\/wp-content\/uploads\/2025\/06\/cartel-Premios-002-768x960.png 768w, https:\/\/acemesclerosis.org\/wp-content\/uploads\/2025\/06\/cartel-Premios-002.png 1080w\" sizes=\"auto, (max-width: 819px) 100vw, 819px\" \/><\/figure>\n<\/figure>\n\n\n\n<p>El pr\u00f3ximo mi\u00e9rcoles 11 de junio vamos a celebrar la gala en la que se entregar\u00e1n los Premios Empuje:\u00a0<strong>fuerza interior para seguir adelante a\u00a0<\/strong>los protagonistas de nuestra serie documental en YouTube #Paseandoconla<strong>esclerosis\u00a0<\/strong>:<\/p>\n\n\n\n<p><strong>1. Premio al \u00abPico de Oro\u00bb<\/strong><\/p>\n\n\n\n<p>&nbsp; (<em>Para quien se expresa con m\u00e1s claridad, energ\u00eda y emoci\u00f3n al hablar)<\/em><\/p>\n\n\n\n<p><strong>2. Premio al \u00abCoraz\u00f3n abierto\u00bb<\/strong><\/p>\n\n\n\n<p>&nbsp; (Para quien ha compartido su historia con una honestidad y sensibilidad profunda, hablando desde el alma)&nbsp;&nbsp;<\/p>\n\n\n\n<p><strong>3.\u00a0<\/strong>\u00a0<strong>Premio al\u00a0\u00abEsp\u00edritu Inquieto\u00bb<br><\/strong><em>(Para qui\u00e9n mantiene un esp\u00edritu curioso y activo, sigue en movimiento constante y reinventando su forma de vivir)<\/em><\/p>\n\n\n\n<p><strong>4.&nbsp; Premio a la \u00abHistoria m\u00e1s Inspiradora\u00bb<\/strong><\/p>\n\n\n\n<p>&nbsp; (Para qui\u00e9n te ha emocionado e inspirado m\u00e1s)<\/p>\n\n\n\n<p><strong>5. Premio a la \u00abPersona m\u00e1s Reivindicativa\u00bb<\/strong><\/p>\n\n\n\n<p><em>(Para qui\u00e9n&nbsp;<\/em><em>ha alzado la voz con m\u00e1s fuerza para defender derechos, reclamar apoyos o visibilizar necesidades)<\/em><\/p>\n\n\n\n<p>Selecciona a tu favorito\/a en cada categor\u00eda, bas\u00e1ndote en los v\u00eddeos de la serie documental publicados en el canal de YouTube de ACEM.&nbsp;<\/p>\n\n\n\n<p>&nbsp;<em>Puedes ver los v\u00eddeos aqu\u00ed:&nbsp;<\/em><a href=\"https:\/\/youtube.com\/playlist?list=PLSGuw-C3DQqwwSF7DYl2bsrla3ontK3qf&amp;si=_9ecdWThkf2bIoVS\">https:\/\/youtube.com\/playlist?list=PLSGuw-C3DQqwwSF7DYl2bsrla3ontK3qf&amp;si=_9ecdWThkf2bIoVS<\/a><\/p>\n\n\n\n<ul class=\"wp-block-list\">\n<li><em>S\u00f3lo se puede votar 1 nombre por categor\u00eda\u00a0<\/em><\/li>\n\n\n\n<li><em>NO se puede votar a la misma persona en m\u00e1s de DOS CATEGOR\u00cdAS<\/em><\/li>\n\n\n\n<li><em>De no ser as\u00ed, ese voto no contar\u00e1<\/em><\/li>\n<\/ul>\n\n\n\n<p><\/p>\n","protected":false},"excerpt":{"rendered":"<p>El pr\u00f3ximo mi\u00e9rcoles 11 de junio vamos a celebrar la gala en la que se entregar\u00e1n los Premios Empuje:\u00a0fuerza interior para seguir adelante a\u00a0los protagonistas de nuestra serie documental en YouTube #Paseandoconlaesclerosis\u00a0:<\/p>\n","protected":false},"author":2,"featured_media":4770,"comment_status":"open","ping_status":"open","sticky":false,"template":"","format":"standard","meta":{"footnotes":""},"categories":[18,17],"tags":[],"class_list":["post-4769","post","type-post","status-publish","format-standard","has-post-thumbnail","hentry","category-actualidad","category-eventos"],"yoast_head":"<!-- This site is optimized with the Yoast SEO plugin v17.9 - https:\/\/yoast.com\/wordpress\/plugins\/seo\/ -->\n<title>GALA 30 PRIMAVERAS, PREMIOS EMPUJE - ACEM Esclerosis<\/title>\n<meta name=\"robots\" content=\"index, follow, max-snippet:-1, max-image-preview:large, max-video-preview:-1\" \/>\n<link rel=\"canonical\" href=\"https:\/\/acemesclerosis.org\/?p=4769\" \/>\n<meta property=\"og:locale\" content=\"es_ES\" \/>\n<meta property=\"og:type\" content=\"article\" \/>\n<meta property=\"og:title\" content=\"GALA 30 PRIMAVERAS, PREMIOS EMPUJE - ACEM Esclerosis\" \/>\n<meta property=\"og:description\" content=\"El pr\u00f3ximo mi\u00e9rcoles 11 de junio vamos a celebrar la gala en la que se entregar\u00e1n los Premios Empuje:\u00a0fuerza interior para seguir adelante a\u00a0los protagonistas de nuestra serie documental en YouTube #Paseandoconlaesclerosis\u00a0:\" \/>\n<meta property=\"og:url\" content=\"https:\/\/acemesclerosis.org\/?p=4769\" \/>\n<meta property=\"og:site_name\" content=\"ACEM Esclerosis\" \/>\n<meta property=\"article:published_time\" content=\"2025-06-09T08:23:29+00:00\" \/>\n<meta property=\"article:modified_time\" content=\"2025-06-09T08:23:37+00:00\" \/>\n<meta property=\"og:image\" content=\"https:\/\/acemesclerosis.org\/wp-content\/uploads\/2025\/06\/cartel-Premios-002.png\" \/>\n\t<meta property=\"og:image:width\" content=\"1080\" \/>\n\t<meta property=\"og:image:height\" content=\"1350\" \/>\n\t<meta property=\"og:image:type\" content=\"image\/png\" \/>\n<meta name=\"twitter:card\" content=\"summary_large_image\" \/>\n<meta name=\"twitter:label1\" content=\"Escrito por\" \/>\n\t<meta name=\"twitter:data1\" content=\"acem\" \/>\n\t<meta name=\"twitter:label2\" content=\"Tiempo de lectura\" \/>\n\t<meta name=\"twitter:data2\" content=\"1 minuto\" \/>\n<script type=\"application\/ld+json\" class=\"yoast-schema-graph\">{\"@context\":\"https:\/\/schema.org\",\"@graph\":[{\"@type\":\"Organization\",\"@id\":\"https:\/\/192.168.1.117:8086\/#organization\",\"name\":\"Acem Esclerosis\",\"url\":\"https:\/\/192.168.1.117:8086\/\",\"sameAs\":[],\"logo\":{\"@type\":\"ImageObject\",\"@id\":\"https:\/\/192.168.1.117:8086\/#logo\",\"inLanguage\":\"es\",\"url\":\"https:\/\/acemesclerosis.org\/wp-content\/uploads\/2021\/09\/WhatsApp-Image-2021-09-27-at-14.06.43.jpeg\",\"contentUrl\":\"https:\/\/acemesclerosis.org\/wp-content\/uploads\/2021\/09\/WhatsApp-Image-2021-09-27-at-14.06.43.jpeg\",\"width\":1600,\"height\":592,\"caption\":\"Acem Esclerosis\"},\"image\":{\"@id\":\"https:\/\/192.168.1.117:8086\/#logo\"}},{\"@type\":\"WebSite\",\"@id\":\"https:\/\/192.168.1.117:8086\/#website\",\"url\":\"https:\/\/192.168.1.117:8086\/\",\"name\":\"ACEM Esclerosis\",\"description\":\"Asociaci\\u00f3n Coru\\u00f1esa de Esclerosis M\\u00faltiple\",\"publisher\":{\"@id\":\"https:\/\/192.168.1.117:8086\/#organization\"},\"potentialAction\":[{\"@type\":\"SearchAction\",\"target\":{\"@type\":\"EntryPoint\",\"urlTemplate\":\"https:\/\/192.168.1.117:8086\/?s={search_term_string}\"},\"query-input\":\"required name=search_term_string\"}],\"inLanguage\":\"es\"},{\"@type\":\"ImageObject\",\"@id\":\"https:\/\/acemesclerosis.org\/?p=4769#primaryimage\",\"inLanguage\":\"es\",\"url\":\"https:\/\/acemesclerosis.org\/wp-content\/uploads\/2025\/06\/cartel-Premios-002.png\",\"contentUrl\":\"https:\/\/acemesclerosis.org\/wp-content\/uploads\/2025\/06\/cartel-Premios-002.png\",\"width\":1080,\"height\":1350},{\"@type\":\"WebPage\",\"@id\":\"https:\/\/acemesclerosis.org\/?p=4769#webpage\",\"url\":\"https:\/\/acemesclerosis.org\/?p=4769\",\"name\":\"GALA 30 PRIMAVERAS, PREMIOS EMPUJE - ACEM Esclerosis\",\"isPartOf\":{\"@id\":\"https:\/\/192.168.1.117:8086\/#website\"},\"primaryImageOfPage\":{\"@id\":\"https:\/\/acemesclerosis.org\/?p=4769#primaryimage\"},\"datePublished\":\"2025-06-09T08:23:29+00:00\",\"dateModified\":\"2025-06-09T08:23:37+00:00\",\"breadcrumb\":{\"@id\":\"https:\/\/acemesclerosis.org\/?p=4769#breadcrumb\"},\"inLanguage\":\"es\",\"potentialAction\":[{\"@type\":\"ReadAction\",\"target\":[\"https:\/\/acemesclerosis.org\/?p=4769\"]}]},{\"@type\":\"BreadcrumbList\",\"@id\":\"https:\/\/acemesclerosis.org\/?p=4769#breadcrumb\",\"itemListElement\":[{\"@type\":\"ListItem\",\"position\":1,\"name\":\"Portada\",\"item\":\"https:\/\/192.168.1.117:8086\/\"},{\"@type\":\"ListItem\",\"position\":2,\"name\":\"GALA 30 PRIMAVERAS, PREMIOS EMPUJE\"}]},{\"@type\":[\"Article\",\"BlogPosting\"],\"@id\":\"https:\/\/acemesclerosis.org\/?p=4769#article\",\"isPartOf\":{\"@id\":\"https:\/\/acemesclerosis.org\/?p=4769#webpage\"},\"author\":{\"@id\":\"https:\/\/192.168.1.117:8086\/#\/schema\/person\/054bfdc58cb48a8b5899dcbdf2d388da\"},\"headline\":\"GALA 30 PRIMAVERAS, PREMIOS EMPUJE\",\"datePublished\":\"2025-06-09T08:23:29+00:00\",\"dateModified\":\"2025-06-09T08:23:37+00:00\",\"mainEntityOfPage\":{\"@id\":\"https:\/\/acemesclerosis.org\/?p=4769#webpage\"},\"wordCount\":239,\"commentCount\":0,\"publisher\":{\"@id\":\"https:\/\/192.168.1.117:8086\/#organization\"},\"image\":{\"@id\":\"https:\/\/acemesclerosis.org\/?p=4769#primaryimage\"},\"thumbnailUrl\":\"https:\/\/acemesclerosis.org\/wp-content\/uploads\/2025\/06\/cartel-Premios-002.png\",\"articleSection\":[\"Actualidad\",\"Eventos\"],\"inLanguage\":\"es\",\"potentialAction\":[{\"@type\":\"CommentAction\",\"name\":\"Comment\",\"target\":[\"https:\/\/acemesclerosis.org\/?p=4769#respond\"]}]},{\"@type\":\"Person\",\"@id\":\"https:\/\/192.168.1.117:8086\/#\/schema\/person\/054bfdc58cb48a8b5899dcbdf2d388da\",\"name\":\"acem\",\"image\":{\"@type\":\"ImageObject\",\"@id\":\"https:\/\/192.168.1.117:8086\/#personlogo\",\"inLanguage\":\"es\",\"url\":\"https:\/\/acemesclerosis.org\/wp-content\/uploads\/2025\/04\/avatar_user_2_1744704335-96x96.png\",\"contentUrl\":\"https:\/\/acemesclerosis.org\/wp-content\/uploads\/2025\/04\/avatar_user_2_1744704335-96x96.png\",\"caption\":\"acem\"},\"url\":\"https:\/\/acemesclerosis.org\/?author=2\"}]}<\/script>\n<!-- \/ Yoast SEO plugin. -->","yoast_head_json":{"title":"GALA 30 PRIMAVERAS, PREMIOS EMPUJE - ACEM Esclerosis","robots":{"index":"index","follow":"follow","max-snippet":"max-snippet:-1","max-image-preview":"max-image-preview:large","max-video-preview":"max-video-preview:-1"},"canonical":"https:\/\/acemesclerosis.org\/?p=4769","og_locale":"es_ES","og_type":"article","og_title":"GALA 30 PRIMAVERAS, PREMIOS EMPUJE - ACEM Esclerosis","og_description":"El pr\u00f3ximo mi\u00e9rcoles 11 de junio vamos a celebrar la gala en la que se entregar\u00e1n los Premios Empuje:\u00a0fuerza interior para seguir adelante a\u00a0los protagonistas de nuestra serie documental en YouTube #Paseandoconlaesclerosis\u00a0:","og_url":"https:\/\/acemesclerosis.org\/?p=4769","og_site_name":"ACEM Esclerosis","article_published_time":"2025-06-09T08:23:29+00:00","article_modified_time":"2025-06-09T08:23:37+00:00","og_image":[{"width":1080,"height":1350,"url":"https:\/\/acemesclerosis.org\/wp-content\/uploads\/2025\/06\/cartel-Premios-002.png","type":"image\/png"}],"twitter_card":"summary_large_image","twitter_misc":{"Escrito por":"acem","Tiempo de lectura":"1 minuto"},"schema":{"@context":"https:\/\/schema.org","@graph":[{"@type":"Organization","@id":"https:\/\/192.168.1.117:8086\/#organization","name":"Acem Esclerosis","url":"https:\/\/192.168.1.117:8086\/","sameAs":[],"logo":{"@type":"ImageObject","@id":"https:\/\/192.168.1.117:8086\/#logo","inLanguage":"es","url":"https:\/\/acemesclerosis.org\/wp-content\/uploads\/2021\/09\/WhatsApp-Image-2021-09-27-at-14.06.43.jpeg","contentUrl":"https:\/\/acemesclerosis.org\/wp-content\/uploads\/2021\/09\/WhatsApp-Image-2021-09-27-at-14.06.43.jpeg","width":1600,"height":592,"caption":"Acem Esclerosis"},"image":{"@id":"https:\/\/192.168.1.117:8086\/#logo"}},{"@type":"WebSite","@id":"https:\/\/192.168.1.117:8086\/#website","url":"https:\/\/192.168.1.117:8086\/","name":"ACEM Esclerosis","description":"Asociaci\u00f3n Coru\u00f1esa de Esclerosis M\u00faltiple","publisher":{"@id":"https:\/\/192.168.1.117:8086\/#organization"},"potentialAction":[{"@type":"SearchAction","target":{"@type":"EntryPoint","urlTemplate":"https:\/\/192.168.1.117:8086\/?s={search_term_string}"},"query-input":"required name=search_term_string"}],"inLanguage":"es"},{"@type":"ImageObject","@id":"https:\/\/acemesclerosis.org\/?p=4769#primaryimage","inLanguage":"es","url":"https:\/\/acemesclerosis.org\/wp-content\/uploads\/2025\/06\/cartel-Premios-002.png","contentUrl":"https:\/\/acemesclerosis.org\/wp-content\/uploads\/2025\/06\/cartel-Premios-002.png","width":1080,"height":1350},{"@type":"WebPage","@id":"https:\/\/acemesclerosis.org\/?p=4769#webpage","url":"https:\/\/acemesclerosis.org\/?p=4769","name":"GALA 30 PRIMAVERAS, PREMIOS EMPUJE - ACEM Esclerosis","isPartOf":{"@id":"https:\/\/192.168.1.117:8086\/#website"},"primaryImageOfPage":{"@id":"https:\/\/acemesclerosis.org\/?p=4769#primaryimage"},"datePublished":"2025-06-09T08:23:29+00:00","dateModified":"2025-06-09T08:23:37+00:00","breadcrumb":{"@id":"https:\/\/acemesclerosis.org\/?p=4769#breadcrumb"},"inLanguage":"es","potentialAction":[{"@type":"ReadAction","target":["https:\/\/acemesclerosis.org\/?p=4769"]}]},{"@type":"BreadcrumbList","@id":"https:\/\/acemesclerosis.org\/?p=4769#breadcrumb","itemListElement":[{"@type":"ListItem","position":1,"name":"Portada","item":"https:\/\/192.168.1.117:8086\/"},{"@type":"ListItem","position":2,"name":"GALA 30 PRIMAVERAS, PREMIOS EMPUJE"}]},{"@type":["Article","BlogPosting"],"@id":"https:\/\/acemesclerosis.org\/?p=4769#article","isPartOf":{"@id":"https:\/\/acemesclerosis.org\/?p=4769#webpage"},"author":{"@id":"https:\/\/192.168.1.117:8086\/#\/schema\/person\/054bfdc58cb48a8b5899dcbdf2d388da"},"headline":"GALA 30 PRIMAVERAS, PREMIOS EMPUJE","datePublished":"2025-06-09T08:23:29+00:00","dateModified":"2025-06-09T08:23:37+00:00","mainEntityOfPage":{"@id":"https:\/\/acemesclerosis.org\/?p=4769#webpage"},"wordCount":239,"commentCount":0,"publisher":{"@id":"https:\/\/192.168.1.117:8086\/#organization"},"image":{"@id":"https:\/\/acemesclerosis.org\/?p=4769#primaryimage"},"thumbnailUrl":"https:\/\/acemesclerosis.org\/wp-content\/uploads\/2025\/06\/cartel-Premios-002.png","articleSection":["Actualidad","Eventos"],"inLanguage":"es","potentialAction":[{"@type":"CommentAction","name":"Comment","target":["https:\/\/acemesclerosis.org\/?p=4769#respond"]}]},{"@type":"Person","@id":"https:\/\/192.168.1.117:8086\/#\/schema\/person\/054bfdc58cb48a8b5899dcbdf2d388da","name":"acem","image":{"@type":"ImageObject","@id":"https:\/\/192.168.1.117:8086\/#personlogo","inLanguage":"es","url":"https:\/\/acemesclerosis.org\/wp-content\/uploads\/2025\/04\/avatar_user_2_1744704335-96x96.png","contentUrl":"https:\/\/acemesclerosis.org\/wp-content\/uploads\/2025\/04\/avatar_user_2_1744704335-96x96.png","caption":"acem"},"url":"https:\/\/acemesclerosis.org\/?author=2"}]}},"_links":{"self":[{"href":"https:\/\/acemesclerosis.org\/index.php?rest_route=\/wp\/v2\/posts\/4769","targetHints":{"allow":["GET"]}}],"collection":[{"href":"https:\/\/acemesclerosis.org\/index.php?rest_route=\/wp\/v2\/posts"}],"about":[{"href":"https:\/\/acemesclerosis.org\/index.php?rest_route=\/wp\/v2\/types\/post"}],"author":[{"embeddable":true,"href":"https:\/\/acemesclerosis.org\/index.php?rest_route=\/wp\/v2\/users\/2"}],"replies":[{"embeddable":true,"href":"https:\/\/acemesclerosis.org\/index.php?rest_route=%2Fwp%2Fv2%2Fcomments&post=4769"}],"version-history":[{"count":1,"href":"https:\/\/acemesclerosis.org\/index.php?rest_route=\/wp\/v2\/posts\/4769\/revisions"}],"predecessor-version":[{"id":4771,"href":"https:\/\/acemesclerosis.org\/index.php?rest_route=\/wp\/v2\/posts\/4769\/revisions\/4771"}],"wp:featuredmedia":[{"embeddable":true,"href":"https:\/\/acemesclerosis.org\/index.php?rest_route=\/wp\/v2\/media\/4770"}],"wp:attachment":[{"href":"https:\/\/acemesclerosis.org\/index.php?rest_route=%2Fwp%2Fv2%2Fmedia&parent=4769"}],"wp:term":[{"taxonomy":"category","embeddable":true,"href":"https:\/\/acemesclerosis.org\/index.php?rest_route=%2Fwp%2Fv2%2Fcategories&post=4769"},{"taxonomy":"post_tag","embeddable":true,"href":"https:\/\/acemesclerosis.org\/index.php?rest_route=%2Fwp%2Fv2%2Ftags&post=4769"}],"curies":[{"name":"wp","href":"https:\/\/api.w.org\/{rel}","templated":true}]}}