{"id":4772,"date":"2025-06-09T08:28:28","date_gmt":"2025-06-09T08:28:28","guid":{"rendered":"https:\/\/acemesclerosis.org\/?p=4772"},"modified":"2025-06-09T08:34:30","modified_gmt":"2025-06-09T08:34:30","slug":"gala-30-primaveras-premios-empuje-2","status":"publish","type":"post","link":"https:\/\/acemesclerosis.org\/?p=4772&lang=gl","title":{"rendered":"GALA 30 PRIMAVERAS, PREMIOS EMPUXE"},"content":{"rendered":"\n<figure class=\"wp-block-gallery has-nested-images columns-default is-cropped wp-block-gallery-1 is-layout-flex wp-block-gallery-is-layout-flex\">\n<figure class=\"wp-block-image size-large\"><img loading=\"lazy\" decoding=\"async\" width=\"819\" height=\"1024\" data-id=\"4770\" src=\"https:\/\/acemesclerosis.org\/wp-content\/uploads\/2025\/06\/cartel-Premios-002-819x1024.png\" alt=\"\" class=\"wp-image-4770\" srcset=\"https:\/\/acemesclerosis.org\/wp-content\/uploads\/2025\/06\/cartel-Premios-002-819x1024.png 819w, https:\/\/acemesclerosis.org\/wp-content\/uploads\/2025\/06\/cartel-Premios-002-240x300.png 240w, https:\/\/acemesclerosis.org\/wp-content\/uploads\/2025\/06\/cartel-Premios-002-768x960.png 768w, https:\/\/acemesclerosis.org\/wp-content\/uploads\/2025\/06\/cartel-Premios-002.png 1080w\" sizes=\"auto, (max-width: 819px) 100vw, 819px\" \/><\/figure>\n<\/figure>\n\n\n\n<p>O vindeiro m\u00e9rcores 11 de xu\u00f1o imos celebrar a gala na que se entregar\u00e1n os Premios Empuxe:&nbsp;forza interior para seguir adiante a&nbsp;os protagonistas da nosa serie documental en Youtube #Paseandoconlaesclerosis&nbsp;: <\/p>\n\n\n\n<p>1. Premio ao \u00abPico de Ouro\u00bb &nbsp; (Para quen se expresa con m\u00e1is claridade, enerx\u00eda e emoci\u00f3n ao falar)<\/p>\n\n\n\n<p> 2. Premio ao \u00abCoraz\u00f3n aberto\u00bb &nbsp; (Para quen compartiu a s\u00faa historia cunha honestidade e sensibilidade profunda, falando desde a alma)&nbsp;&nbsp;<\/p>\n\n\n\n<p> 3.&nbsp;&nbsp;Premio a o&nbsp;\u00abEsp\u00edrito Inquieto\u00bb (Para quen mant\u00e9n un esp\u00edrito curioso e activo, segue en movemento constante e reinventando a s\u00faa forma de vivir) <\/p>\n\n\n\n<p>4.&nbsp; Premio \u00e1 \u00abHistoria m\u00e1is Inspiradora\u00bb &nbsp; (Para quen che emocione e inspirado m\u00e1is) <\/p>\n\n\n\n<p>5. Premio \u00e1 \u00abPersoa m\u00e1is Reivindicativa\u00bb (Para quen&nbsp;alzou a voz con m\u00e1is forza para defender dereitos, reclamar apoios ou visibilizar necesidades) <\/p>\n\n\n\n<p>Selecciona ao teu favorito\/a en cada categor\u00eda, base\u00e1ndoche nos v\u00eddeos da serie documental publicados na canle de Youtube de ACEM.&nbsp; <\/p>\n\n\n\n<p>Podes ver os v\u00eddeos aqu\u00ed:<a href=\"https:\/\/youtube.com\/playlist?list=PLSGuw-C3DQqwwSF7DYl2bsrla3ontK3qf&amp;si=_9ecdWThkf2bIoVS\">\u00a0https:\/\/youtube.com\/playlist?list=PLSGuw-C3DQqwwSF7DYl2bsrla3ontK3qf&amp;se=_9ecdWThkf2bIoVS<\/a><\/p>\n\n\n\n<p>S\u00f3 se pode votar 1 nome por categor\u00eda&nbsp; NON se pode votar \u00e1 mesma persoa en m\u00e1is de D\u00daAS CATEGOR\u00cdAS De non ser as\u00ed, ese voto non contar\u00e1<\/p>\n\n\n\n<p><\/p>\n","protected":false},"excerpt":{"rendered":"<p>O vindeiro m\u00e9rcores 11 de xu\u00f1o imos celebrar a gala na que se entregar\u00e1n os Premios Empuxe:\u00a0forza interior para seguir adiante a\u00a0os protagonistas da nosa serie documental en Youtube #Paseandoconlaesclerosis<\/p>\n","protected":false},"author":2,"featured_media":4770,"comment_status":"open","ping_status":"open","sticky":false,"template":"","format":"standard","meta":{"footnotes":""},"categories":[41,19,23],"tags":[130],"class_list":["post-4772","post","type-post","status-publish","format-standard","has-post-thumbnail","hentry","category-actualidad-gl","category-actualidade","category-eventos-gl","tag-gala-30-primaveras"],"yoast_head":"<!-- This site is optimized with the Yoast SEO plugin v17.9 - https:\/\/yoast.com\/wordpress\/plugins\/seo\/ -->\n<title>GALA 30 PRIMAVERAS, PREMIOS EMPUXE - ACEM Esclerosis<\/title>\n<meta name=\"robots\" content=\"index, follow, max-snippet:-1, max-image-preview:large, max-video-preview:-1\" \/>\n<link rel=\"canonical\" href=\"https:\/\/acemesclerosis.org\/?p=4772&#038;lang=gl\" \/>\n<meta property=\"og:locale\" content=\"es_ES\" \/>\n<meta property=\"og:type\" content=\"article\" \/>\n<meta property=\"og:title\" content=\"GALA 30 PRIMAVERAS, PREMIOS EMPUXE - ACEM Esclerosis\" \/>\n<meta property=\"og:description\" content=\"O vindeiro m\u00e9rcores 11 de xu\u00f1o imos celebrar a gala na que se entregar\u00e1n os Premios Empuxe:\u00a0forza interior para seguir adiante a\u00a0os protagonistas da nosa serie documental en Youtube #Paseandoconlaesclerosis\" \/>\n<meta property=\"og:url\" content=\"https:\/\/acemesclerosis.org\/?p=4772&amp;lang=gl\" \/>\n<meta property=\"og:site_name\" content=\"ACEM Esclerosis\" \/>\n<meta property=\"article:published_time\" content=\"2025-06-09T08:28:28+00:00\" \/>\n<meta property=\"article:modified_time\" content=\"2025-06-09T08:34:30+00:00\" \/>\n<meta property=\"og:image\" content=\"https:\/\/acemesclerosis.org\/wp-content\/uploads\/2025\/06\/cartel-Premios-002.png\" \/>\n\t<meta property=\"og:image:width\" content=\"1080\" \/>\n\t<meta property=\"og:image:height\" content=\"1350\" \/>\n\t<meta property=\"og:image:type\" content=\"image\/png\" \/>\n<meta name=\"twitter:card\" content=\"summary_large_image\" \/>\n<meta name=\"twitter:label1\" content=\"Escrito por\" \/>\n\t<meta name=\"twitter:data1\" content=\"acem\" \/>\n\t<meta name=\"twitter:label2\" content=\"Tiempo de lectura\" \/>\n\t<meta name=\"twitter:data2\" content=\"1 minuto\" \/>\n<script type=\"application\/ld+json\" class=\"yoast-schema-graph\">{\"@context\":\"https:\/\/schema.org\",\"@graph\":[{\"@type\":\"Organization\",\"@id\":\"https:\/\/192.168.1.117:8086\/#organization\",\"name\":\"Acem Esclerosis\",\"url\":\"https:\/\/192.168.1.117:8086\/\",\"sameAs\":[],\"logo\":{\"@type\":\"ImageObject\",\"@id\":\"https:\/\/192.168.1.117:8086\/#logo\",\"inLanguage\":\"es\",\"url\":\"https:\/\/acemesclerosis.org\/wp-content\/uploads\/2021\/09\/WhatsApp-Image-2021-09-27-at-14.06.43.jpeg\",\"contentUrl\":\"https:\/\/acemesclerosis.org\/wp-content\/uploads\/2021\/09\/WhatsApp-Image-2021-09-27-at-14.06.43.jpeg\",\"width\":1600,\"height\":592,\"caption\":\"Acem Esclerosis\"},\"image\":{\"@id\":\"https:\/\/192.168.1.117:8086\/#logo\"}},{\"@type\":\"WebSite\",\"@id\":\"https:\/\/192.168.1.117:8086\/#website\",\"url\":\"https:\/\/192.168.1.117:8086\/\",\"name\":\"ACEM Esclerosis\",\"description\":\"Asociaci\\u00f3n Coru\\u00f1esa de Esclerosis M\\u00faltiple\",\"publisher\":{\"@id\":\"https:\/\/192.168.1.117:8086\/#organization\"},\"potentialAction\":[{\"@type\":\"SearchAction\",\"target\":{\"@type\":\"EntryPoint\",\"urlTemplate\":\"https:\/\/192.168.1.117:8086\/?s={search_term_string}\"},\"query-input\":\"required name=search_term_string\"}],\"inLanguage\":\"es\"},{\"@type\":\"ImageObject\",\"@id\":\"https:\/\/acemesclerosis.org\/?p=4772&lang=gl#primaryimage\",\"inLanguage\":\"es\",\"url\":\"https:\/\/acemesclerosis.org\/wp-content\/uploads\/2025\/06\/cartel-Premios-002.png\",\"contentUrl\":\"https:\/\/acemesclerosis.org\/wp-content\/uploads\/2025\/06\/cartel-Premios-002.png\",\"width\":1080,\"height\":1350},{\"@type\":\"WebPage\",\"@id\":\"https:\/\/acemesclerosis.org\/?p=4772&lang=gl#webpage\",\"url\":\"https:\/\/acemesclerosis.org\/?p=4772&lang=gl\",\"name\":\"GALA 30 PRIMAVERAS, PREMIOS EMPUXE - ACEM Esclerosis\",\"isPartOf\":{\"@id\":\"https:\/\/192.168.1.117:8086\/#website\"},\"primaryImageOfPage\":{\"@id\":\"https:\/\/acemesclerosis.org\/?p=4772&lang=gl#primaryimage\"},\"datePublished\":\"2025-06-09T08:28:28+00:00\",\"dateModified\":\"2025-06-09T08:34:30+00:00\",\"breadcrumb\":{\"@id\":\"https:\/\/acemesclerosis.org\/?p=4772&lang=gl#breadcrumb\"},\"inLanguage\":\"es\",\"potentialAction\":[{\"@type\":\"ReadAction\",\"target\":[\"https:\/\/acemesclerosis.org\/?p=4772&lang=gl\"]}]},{\"@type\":\"BreadcrumbList\",\"@id\":\"https:\/\/acemesclerosis.org\/?p=4772&lang=gl#breadcrumb\",\"itemListElement\":[{\"@type\":\"ListItem\",\"position\":1,\"name\":\"Portada\",\"item\":\"https:\/\/192.168.1.117:8086\/\"},{\"@type\":\"ListItem\",\"position\":2,\"name\":\"GALA 30 PRIMAVERAS, PREMIOS EMPUXE\"}]},{\"@type\":[\"Article\",\"BlogPosting\"],\"@id\":\"https:\/\/acemesclerosis.org\/?p=4772&lang=gl#article\",\"isPartOf\":{\"@id\":\"https:\/\/acemesclerosis.org\/?p=4772&lang=gl#webpage\"},\"author\":{\"@id\":\"https:\/\/192.168.1.117:8086\/#\/schema\/person\/054bfdc58cb48a8b5899dcbdf2d388da\"},\"headline\":\"GALA 30 PRIMAVERAS, PREMIOS EMPUXE\",\"datePublished\":\"2025-06-09T08:28:28+00:00\",\"dateModified\":\"2025-06-09T08:34:30+00:00\",\"mainEntityOfPage\":{\"@id\":\"https:\/\/acemesclerosis.org\/?p=4772&lang=gl#webpage\"},\"wordCount\":232,\"commentCount\":0,\"publisher\":{\"@id\":\"https:\/\/192.168.1.117:8086\/#organization\"},\"image\":{\"@id\":\"https:\/\/acemesclerosis.org\/?p=4772&lang=gl#primaryimage\"},\"thumbnailUrl\":\"https:\/\/acemesclerosis.org\/wp-content\/uploads\/2025\/06\/cartel-Premios-002.png\",\"keywords\":[\"GALA 30 PRIMAVERAS\"],\"articleSection\":[\"Actualidad\",\"Actualidade\",\"Eventos\"],\"inLanguage\":\"es\",\"potentialAction\":[{\"@type\":\"CommentAction\",\"name\":\"Comment\",\"target\":[\"https:\/\/acemesclerosis.org\/?p=4772&lang=gl#respond\"]}]},{\"@type\":\"Person\",\"@id\":\"https:\/\/192.168.1.117:8086\/#\/schema\/person\/054bfdc58cb48a8b5899dcbdf2d388da\",\"name\":\"acem\",\"image\":{\"@type\":\"ImageObject\",\"@id\":\"https:\/\/192.168.1.117:8086\/#personlogo\",\"inLanguage\":\"es\",\"url\":\"https:\/\/acemesclerosis.org\/wp-content\/uploads\/2025\/04\/avatar_user_2_1744704335-96x96.png\",\"contentUrl\":\"https:\/\/acemesclerosis.org\/wp-content\/uploads\/2025\/04\/avatar_user_2_1744704335-96x96.png\",\"caption\":\"acem\"},\"url\":\"https:\/\/acemesclerosis.org\/?author=2\"}]}<\/script>\n<!-- \/ Yoast SEO plugin. -->","yoast_head_json":{"title":"GALA 30 PRIMAVERAS, PREMIOS EMPUXE - ACEM Esclerosis","robots":{"index":"index","follow":"follow","max-snippet":"max-snippet:-1","max-image-preview":"max-image-preview:large","max-video-preview":"max-video-preview:-1"},"canonical":"https:\/\/acemesclerosis.org\/?p=4772&lang=gl","og_locale":"es_ES","og_type":"article","og_title":"GALA 30 PRIMAVERAS, PREMIOS EMPUXE - ACEM Esclerosis","og_description":"O vindeiro m\u00e9rcores 11 de xu\u00f1o imos celebrar a gala na que se entregar\u00e1n os Premios Empuxe:\u00a0forza interior para seguir adiante a\u00a0os protagonistas da nosa serie documental en Youtube #Paseandoconlaesclerosis","og_url":"https:\/\/acemesclerosis.org\/?p=4772&lang=gl","og_site_name":"ACEM Esclerosis","article_published_time":"2025-06-09T08:28:28+00:00","article_modified_time":"2025-06-09T08:34:30+00:00","og_image":[{"width":1080,"height":1350,"url":"https:\/\/acemesclerosis.org\/wp-content\/uploads\/2025\/06\/cartel-Premios-002.png","type":"image\/png"}],"twitter_card":"summary_large_image","twitter_misc":{"Escrito por":"acem","Tiempo de lectura":"1 minuto"},"schema":{"@context":"https:\/\/schema.org","@graph":[{"@type":"Organization","@id":"https:\/\/192.168.1.117:8086\/#organization","name":"Acem Esclerosis","url":"https:\/\/192.168.1.117:8086\/","sameAs":[],"logo":{"@type":"ImageObject","@id":"https:\/\/192.168.1.117:8086\/#logo","inLanguage":"es","url":"https:\/\/acemesclerosis.org\/wp-content\/uploads\/2021\/09\/WhatsApp-Image-2021-09-27-at-14.06.43.jpeg","contentUrl":"https:\/\/acemesclerosis.org\/wp-content\/uploads\/2021\/09\/WhatsApp-Image-2021-09-27-at-14.06.43.jpeg","width":1600,"height":592,"caption":"Acem Esclerosis"},"image":{"@id":"https:\/\/192.168.1.117:8086\/#logo"}},{"@type":"WebSite","@id":"https:\/\/192.168.1.117:8086\/#website","url":"https:\/\/192.168.1.117:8086\/","name":"ACEM Esclerosis","description":"Asociaci\u00f3n Coru\u00f1esa de Esclerosis M\u00faltiple","publisher":{"@id":"https:\/\/192.168.1.117:8086\/#organization"},"potentialAction":[{"@type":"SearchAction","target":{"@type":"EntryPoint","urlTemplate":"https:\/\/192.168.1.117:8086\/?s={search_term_string}"},"query-input":"required name=search_term_string"}],"inLanguage":"es"},{"@type":"ImageObject","@id":"https:\/\/acemesclerosis.org\/?p=4772&lang=gl#primaryimage","inLanguage":"es","url":"https:\/\/acemesclerosis.org\/wp-content\/uploads\/2025\/06\/cartel-Premios-002.png","contentUrl":"https:\/\/acemesclerosis.org\/wp-content\/uploads\/2025\/06\/cartel-Premios-002.png","width":1080,"height":1350},{"@type":"WebPage","@id":"https:\/\/acemesclerosis.org\/?p=4772&lang=gl#webpage","url":"https:\/\/acemesclerosis.org\/?p=4772&lang=gl","name":"GALA 30 PRIMAVERAS, PREMIOS EMPUXE - ACEM Esclerosis","isPartOf":{"@id":"https:\/\/192.168.1.117:8086\/#website"},"primaryImageOfPage":{"@id":"https:\/\/acemesclerosis.org\/?p=4772&lang=gl#primaryimage"},"datePublished":"2025-06-09T08:28:28+00:00","dateModified":"2025-06-09T08:34:30+00:00","breadcrumb":{"@id":"https:\/\/acemesclerosis.org\/?p=4772&lang=gl#breadcrumb"},"inLanguage":"es","potentialAction":[{"@type":"ReadAction","target":["https:\/\/acemesclerosis.org\/?p=4772&lang=gl"]}]},{"@type":"BreadcrumbList","@id":"https:\/\/acemesclerosis.org\/?p=4772&lang=gl#breadcrumb","itemListElement":[{"@type":"ListItem","position":1,"name":"Portada","item":"https:\/\/192.168.1.117:8086\/"},{"@type":"ListItem","position":2,"name":"GALA 30 PRIMAVERAS, PREMIOS EMPUXE"}]},{"@type":["Article","BlogPosting"],"@id":"https:\/\/acemesclerosis.org\/?p=4772&lang=gl#article","isPartOf":{"@id":"https:\/\/acemesclerosis.org\/?p=4772&lang=gl#webpage"},"author":{"@id":"https:\/\/192.168.1.117:8086\/#\/schema\/person\/054bfdc58cb48a8b5899dcbdf2d388da"},"headline":"GALA 30 PRIMAVERAS, PREMIOS EMPUXE","datePublished":"2025-06-09T08:28:28+00:00","dateModified":"2025-06-09T08:34:30+00:00","mainEntityOfPage":{"@id":"https:\/\/acemesclerosis.org\/?p=4772&lang=gl#webpage"},"wordCount":232,"commentCount":0,"publisher":{"@id":"https:\/\/192.168.1.117:8086\/#organization"},"image":{"@id":"https:\/\/acemesclerosis.org\/?p=4772&lang=gl#primaryimage"},"thumbnailUrl":"https:\/\/acemesclerosis.org\/wp-content\/uploads\/2025\/06\/cartel-Premios-002.png","keywords":["GALA 30 PRIMAVERAS"],"articleSection":["Actualidad","Actualidade","Eventos"],"inLanguage":"es","potentialAction":[{"@type":"CommentAction","name":"Comment","target":["https:\/\/acemesclerosis.org\/?p=4772&lang=gl#respond"]}]},{"@type":"Person","@id":"https:\/\/192.168.1.117:8086\/#\/schema\/person\/054bfdc58cb48a8b5899dcbdf2d388da","name":"acem","image":{"@type":"ImageObject","@id":"https:\/\/192.168.1.117:8086\/#personlogo","inLanguage":"es","url":"https:\/\/acemesclerosis.org\/wp-content\/uploads\/2025\/04\/avatar_user_2_1744704335-96x96.png","contentUrl":"https:\/\/acemesclerosis.org\/wp-content\/uploads\/2025\/04\/avatar_user_2_1744704335-96x96.png","caption":"acem"},"url":"https:\/\/acemesclerosis.org\/?author=2"}]}},"_links":{"self":[{"href":"https:\/\/acemesclerosis.org\/index.php?rest_route=\/wp\/v2\/posts\/4772","targetHints":{"allow":["GET"]}}],"collection":[{"href":"https:\/\/acemesclerosis.org\/index.php?rest_route=\/wp\/v2\/posts"}],"about":[{"href":"https:\/\/acemesclerosis.org\/index.php?rest_route=\/wp\/v2\/types\/post"}],"author":[{"embeddable":true,"href":"https:\/\/acemesclerosis.org\/index.php?rest_route=\/wp\/v2\/users\/2"}],"replies":[{"embeddable":true,"href":"https:\/\/acemesclerosis.org\/index.php?rest_route=%2Fwp%2Fv2%2Fcomments&post=4772"}],"version-history":[{"count":4,"href":"https:\/\/acemesclerosis.org\/index.php?rest_route=\/wp\/v2\/posts\/4772\/revisions"}],"predecessor-version":[{"id":4777,"href":"https:\/\/acemesclerosis.org\/index.php?rest_route=\/wp\/v2\/posts\/4772\/revisions\/4777"}],"wp:featuredmedia":[{"embeddable":true,"href":"https:\/\/acemesclerosis.org\/index.php?rest_route=\/wp\/v2\/media\/4770"}],"wp:attachment":[{"href":"https:\/\/acemesclerosis.org\/index.php?rest_route=%2Fwp%2Fv2%2Fmedia&parent=4772"}],"wp:term":[{"taxonomy":"category","embeddable":true,"href":"https:\/\/acemesclerosis.org\/index.php?rest_route=%2Fwp%2Fv2%2Fcategories&post=4772"},{"taxonomy":"post_tag","embeddable":true,"href":"https:\/\/acemesclerosis.org\/index.php?rest_route=%2Fwp%2Fv2%2Ftags&post=4772"}],"curies":[{"name":"wp","href":"https:\/\/api.w.org\/{rel}","templated":true}]}}