{"id":4784,"date":"2025-06-10T08:56:57","date_gmt":"2025-06-10T08:56:57","guid":{"rendered":"https:\/\/acemesclerosis.org\/?p=4784"},"modified":"2025-06-10T08:56:58","modified_gmt":"2025-06-10T08:56:58","slug":"programa-de-atencion-social-asesoramento-e-intervencion-2","status":"publish","type":"post","link":"https:\/\/acemesclerosis.org\/?p=4784&lang=gl","title":{"rendered":"PROGRAMA DE ATENCI\u00d3N SOCIAL, ASESORAMENTO E INTERVENCI\u00d3N"},"content":{"rendered":"\n<figure class=\"wp-block-image size-large\"><img loading=\"lazy\" decoding=\"async\" width=\"725\" height=\"1024\" src=\"https:\/\/acemesclerosis.org\/wp-content\/uploads\/2025\/06\/Prog.-Atencion-Social-I_vertical-2024-1_page-0001-725x1024.jpg\" alt=\"\" class=\"wp-image-4780\" srcset=\"https:\/\/acemesclerosis.org\/wp-content\/uploads\/2025\/06\/Prog.-Atencion-Social-I_vertical-2024-1_page-0001-725x1024.jpg 725w, https:\/\/acemesclerosis.org\/wp-content\/uploads\/2025\/06\/Prog.-Atencion-Social-I_vertical-2024-1_page-0001-212x300.jpg 212w, https:\/\/acemesclerosis.org\/wp-content\/uploads\/2025\/06\/Prog.-Atencion-Social-I_vertical-2024-1_page-0001-768x1085.jpg 768w, https:\/\/acemesclerosis.org\/wp-content\/uploads\/2025\/06\/Prog.-Atencion-Social-I_vertical-2024-1_page-0001-1087x1536.jpg 1087w, https:\/\/acemesclerosis.org\/wp-content\/uploads\/2025\/06\/Prog.-Atencion-Social-I_vertical-2024-1_page-0001.jpg 1240w\" sizes=\"auto, (max-width: 725px) 100vw, 725px\" \/><\/figure>\n\n\n\n<p class=\"has-text-align-left\"><\/p>\n\n\n\n<p><strong>ACEM O \u201cPROGRAMA DE ATENCI\u00d3N SOCIAL, ASESORAMENTO E INTERVENCI\u00d3N\u201d DO QUE SE BENEFICIAR\u00c1N 20 PERSOAS CON ESCLEROSE M\u00daLTIPLE<\/strong><\/p>\n\n\n\n<p><br><strong>ACEM conta cun cofinanciamento por parte da Xunta de Galicia procedente da subvenci\u00f3n con cargo ao 0,7% do IRPF para a realizaci\u00f3n do programa, o cal est\u00e1 xestionado por COGAMI. <\/strong><\/p>\n\n\n\n<p>A\u00a0Asociaci\u00f3n Coru\u00f1esa de Esclerose M\u00faltiple (ACEM)\u00a0contin\u00faa realizando un programa de atenci\u00f3n social, asesoramento e intervenci\u00f3n dedicada a a\u00a0prestaci\u00f3n de o\u00a0servizo de traballo social, a trav\u00e9s do cal se beneficiar\u00e1n 20 persoas afectadas por esclerose m\u00faltiple. <\/p>\n\n\n\n<p>Mediante a posta en marcha deste programa, desde a asociaci\u00f3n b\u00fascase dar resposta \u00e1s diversas necesidades que poden xurdir nas persoas con Esclerose M\u00faltiple, ao mesmo tempo pret\u00e9ndese reducir as dificultades \u00e1s que se enfrontan no seu d\u00eda a d\u00eda. <\/p>\n\n\n\n<p>Este programa, o cal est\u00e1 xestionado por <a href=\"https:\/\/www.cogami.gal\/es_ES\/\">COGAMI<\/a>, est\u00e1 cofinanciado pola <a href=\"https:\/\/politicasocial.xunta.gal\/es\"><strong>Xunta de Galicia<\/strong><\/a>, con fondos que prove\u00f1en da subvenci\u00f3n con cargo ao  <a href=\"https:\/\/www.xsolidaria.org\/\"><strong>0,7% del IRPF<\/strong><\/a>\u00a0. A <a href=\"https:\/\/esclerosismultiplegalicia.org\/index.php\">Asociaci\u00f3n Coru\u00f1esa de Esclerosis\u00a0M\u00faltiple (ACEM)<\/a> \u00e9 unha entidade sen \u00e1nimo de lucro que agrupa a persoas con esclerose m\u00faltiple e aos seus familiares. O \u00e1mbito de actuaci\u00f3n abarca todo o territorio da provincia da Coru\u00f1a e nela proporci\u00f3nase informaci\u00f3n e orientaci\u00f3n tanto \u00e1s persoas diagnosticadas con Esclerose M\u00faltiple como aos seus familiares, ademais de promover o acceso a recursos de apoio desde un enfoque multidisciplinar, co obxectivo de garantir unha atenci\u00f3n adecuada en cada etapa da enfermidade.<\/p>\n","protected":false},"excerpt":{"rendered":"<p>ACEM conta cun cofinanciamento por parte da Xunta de Galicia procedente da subvenci\u00f3n con cargo ao 0,7% do IRPF para a realizaci\u00f3n do programa, o cal est\u00e1 xestionado por COGAMI. <\/p>\n","protected":false},"author":2,"featured_media":4780,"comment_status":"open","ping_status":"open","sticky":false,"template":"","format":"standard","meta":{"footnotes":""},"categories":[41,19,23],"tags":[110],"class_list":["post-4784","post","type-post","status-publish","format-standard","has-post-thumbnail","hentry","category-actualidad-gl","category-actualidade","category-eventos-gl","tag-programa-de-atencion-social-2"],"yoast_head":"<!-- This site is optimized with the Yoast SEO plugin v17.9 - https:\/\/yoast.com\/wordpress\/plugins\/seo\/ -->\n<title>PROGRAMA DE ATENCI\u00d3N SOCIAL, ASESORAMENTO E INTERVENCI\u00d3N - ACEM Esclerosis<\/title>\n<meta name=\"robots\" content=\"index, follow, max-snippet:-1, max-image-preview:large, max-video-preview:-1\" \/>\n<link rel=\"canonical\" href=\"https:\/\/acemesclerosis.org\/?p=4784&#038;lang=gl\" \/>\n<meta property=\"og:locale\" content=\"es_ES\" \/>\n<meta property=\"og:type\" content=\"article\" \/>\n<meta property=\"og:title\" content=\"PROGRAMA DE ATENCI\u00d3N SOCIAL, ASESORAMENTO E INTERVENCI\u00d3N - ACEM Esclerosis\" \/>\n<meta property=\"og:description\" content=\"ACEM conta cun cofinanciamento por parte da Xunta de Galicia procedente da subvenci\u00f3n con cargo ao 0,7% do IRPF para a realizaci\u00f3n do programa, o cal est\u00e1 xestionado por COGAMI.\" \/>\n<meta property=\"og:url\" content=\"https:\/\/acemesclerosis.org\/?p=4784&amp;lang=gl\" \/>\n<meta property=\"og:site_name\" content=\"ACEM Esclerosis\" \/>\n<meta property=\"article:published_time\" content=\"2025-06-10T08:56:57+00:00\" \/>\n<meta property=\"article:modified_time\" content=\"2025-06-10T08:56:58+00:00\" \/>\n<meta property=\"og:image\" content=\"https:\/\/acemesclerosis.org\/wp-content\/uploads\/2025\/06\/Prog.-Atencion-Social-I_vertical-2024-1_page-0001.jpg\" \/>\n\t<meta property=\"og:image:width\" content=\"1240\" \/>\n\t<meta property=\"og:image:height\" content=\"1752\" \/>\n\t<meta property=\"og:image:type\" content=\"image\/jpeg\" \/>\n<meta name=\"twitter:card\" content=\"summary_large_image\" \/>\n<meta name=\"twitter:label1\" content=\"Escrito por\" \/>\n\t<meta name=\"twitter:data1\" content=\"acem\" \/>\n\t<meta name=\"twitter:label2\" content=\"Tiempo de lectura\" \/>\n\t<meta name=\"twitter:data2\" content=\"1 minuto\" \/>\n<script type=\"application\/ld+json\" class=\"yoast-schema-graph\">{\"@context\":\"https:\/\/schema.org\",\"@graph\":[{\"@type\":\"Organization\",\"@id\":\"https:\/\/192.168.1.117:8086\/#organization\",\"name\":\"Acem Esclerosis\",\"url\":\"https:\/\/192.168.1.117:8086\/\",\"sameAs\":[],\"logo\":{\"@type\":\"ImageObject\",\"@id\":\"https:\/\/192.168.1.117:8086\/#logo\",\"inLanguage\":\"es\",\"url\":\"https:\/\/acemesclerosis.org\/wp-content\/uploads\/2021\/09\/WhatsApp-Image-2021-09-27-at-14.06.43.jpeg\",\"contentUrl\":\"https:\/\/acemesclerosis.org\/wp-content\/uploads\/2021\/09\/WhatsApp-Image-2021-09-27-at-14.06.43.jpeg\",\"width\":1600,\"height\":592,\"caption\":\"Acem Esclerosis\"},\"image\":{\"@id\":\"https:\/\/192.168.1.117:8086\/#logo\"}},{\"@type\":\"WebSite\",\"@id\":\"https:\/\/192.168.1.117:8086\/#website\",\"url\":\"https:\/\/192.168.1.117:8086\/\",\"name\":\"ACEM Esclerosis\",\"description\":\"Asociaci\\u00f3n Coru\\u00f1esa de Esclerosis M\\u00faltiple\",\"publisher\":{\"@id\":\"https:\/\/192.168.1.117:8086\/#organization\"},\"potentialAction\":[{\"@type\":\"SearchAction\",\"target\":{\"@type\":\"EntryPoint\",\"urlTemplate\":\"https:\/\/192.168.1.117:8086\/?s={search_term_string}\"},\"query-input\":\"required name=search_term_string\"}],\"inLanguage\":\"es\"},{\"@type\":\"ImageObject\",\"@id\":\"https:\/\/acemesclerosis.org\/?p=4784&lang=gl#primaryimage\",\"inLanguage\":\"es\",\"url\":\"https:\/\/acemesclerosis.org\/wp-content\/uploads\/2025\/06\/Prog.-Atencion-Social-I_vertical-2024-1_page-0001.jpg\",\"contentUrl\":\"https:\/\/acemesclerosis.org\/wp-content\/uploads\/2025\/06\/Prog.-Atencion-Social-I_vertical-2024-1_page-0001.jpg\",\"width\":1240,\"height\":1752},{\"@type\":\"WebPage\",\"@id\":\"https:\/\/acemesclerosis.org\/?p=4784&lang=gl#webpage\",\"url\":\"https:\/\/acemesclerosis.org\/?p=4784&lang=gl\",\"name\":\"PROGRAMA DE ATENCI\\u00d3N SOCIAL, ASESORAMENTO E INTERVENCI\\u00d3N - ACEM Esclerosis\",\"isPartOf\":{\"@id\":\"https:\/\/192.168.1.117:8086\/#website\"},\"primaryImageOfPage\":{\"@id\":\"https:\/\/acemesclerosis.org\/?p=4784&lang=gl#primaryimage\"},\"datePublished\":\"2025-06-10T08:56:57+00:00\",\"dateModified\":\"2025-06-10T08:56:58+00:00\",\"breadcrumb\":{\"@id\":\"https:\/\/acemesclerosis.org\/?p=4784&lang=gl#breadcrumb\"},\"inLanguage\":\"es\",\"potentialAction\":[{\"@type\":\"ReadAction\",\"target\":[\"https:\/\/acemesclerosis.org\/?p=4784&lang=gl\"]}]},{\"@type\":\"BreadcrumbList\",\"@id\":\"https:\/\/acemesclerosis.org\/?p=4784&lang=gl#breadcrumb\",\"itemListElement\":[{\"@type\":\"ListItem\",\"position\":1,\"name\":\"Portada\",\"item\":\"https:\/\/192.168.1.117:8086\/\"},{\"@type\":\"ListItem\",\"position\":2,\"name\":\"PROGRAMA DE ATENCI\\u00d3N SOCIAL, ASESORAMENTO E INTERVENCI\\u00d3N\"}]},{\"@type\":[\"Article\",\"BlogPosting\"],\"@id\":\"https:\/\/acemesclerosis.org\/?p=4784&lang=gl#article\",\"isPartOf\":{\"@id\":\"https:\/\/acemesclerosis.org\/?p=4784&lang=gl#webpage\"},\"author\":{\"@id\":\"https:\/\/192.168.1.117:8086\/#\/schema\/person\/054bfdc58cb48a8b5899dcbdf2d388da\"},\"headline\":\"PROGRAMA DE ATENCI\\u00d3N SOCIAL, ASESORAMENTO E INTERVENCI\\u00d3N\",\"datePublished\":\"2025-06-10T08:56:57+00:00\",\"dateModified\":\"2025-06-10T08:56:58+00:00\",\"mainEntityOfPage\":{\"@id\":\"https:\/\/acemesclerosis.org\/?p=4784&lang=gl#webpage\"},\"wordCount\":271,\"commentCount\":0,\"publisher\":{\"@id\":\"https:\/\/192.168.1.117:8086\/#organization\"},\"image\":{\"@id\":\"https:\/\/acemesclerosis.org\/?p=4784&lang=gl#primaryimage\"},\"thumbnailUrl\":\"https:\/\/acemesclerosis.org\/wp-content\/uploads\/2025\/06\/Prog.-Atencion-Social-I_vertical-2024-1_page-0001.jpg\",\"keywords\":[\"PROGRAMA DE ATENCI\\u00d3N SOCIAL\"],\"articleSection\":[\"Actualidad\",\"Actualidade\",\"Eventos\"],\"inLanguage\":\"es\",\"potentialAction\":[{\"@type\":\"CommentAction\",\"name\":\"Comment\",\"target\":[\"https:\/\/acemesclerosis.org\/?p=4784&lang=gl#respond\"]}]},{\"@type\":\"Person\",\"@id\":\"https:\/\/192.168.1.117:8086\/#\/schema\/person\/054bfdc58cb48a8b5899dcbdf2d388da\",\"name\":\"acem\",\"image\":{\"@type\":\"ImageObject\",\"@id\":\"https:\/\/192.168.1.117:8086\/#personlogo\",\"inLanguage\":\"es\",\"url\":\"https:\/\/acemesclerosis.org\/wp-content\/uploads\/2025\/04\/avatar_user_2_1744704335-96x96.png\",\"contentUrl\":\"https:\/\/acemesclerosis.org\/wp-content\/uploads\/2025\/04\/avatar_user_2_1744704335-96x96.png\",\"caption\":\"acem\"},\"url\":\"https:\/\/acemesclerosis.org\/?author=2\"}]}<\/script>\n<!-- \/ Yoast SEO plugin. -->","yoast_head_json":{"title":"PROGRAMA DE ATENCI\u00d3N SOCIAL, ASESORAMENTO E INTERVENCI\u00d3N - ACEM Esclerosis","robots":{"index":"index","follow":"follow","max-snippet":"max-snippet:-1","max-image-preview":"max-image-preview:large","max-video-preview":"max-video-preview:-1"},"canonical":"https:\/\/acemesclerosis.org\/?p=4784&lang=gl","og_locale":"es_ES","og_type":"article","og_title":"PROGRAMA DE ATENCI\u00d3N SOCIAL, ASESORAMENTO E INTERVENCI\u00d3N - ACEM Esclerosis","og_description":"ACEM conta cun cofinanciamento por parte da Xunta de Galicia procedente da subvenci\u00f3n con cargo ao 0,7% do IRPF para a realizaci\u00f3n do programa, o cal est\u00e1 xestionado por COGAMI.","og_url":"https:\/\/acemesclerosis.org\/?p=4784&lang=gl","og_site_name":"ACEM Esclerosis","article_published_time":"2025-06-10T08:56:57+00:00","article_modified_time":"2025-06-10T08:56:58+00:00","og_image":[{"width":1240,"height":1752,"url":"https:\/\/acemesclerosis.org\/wp-content\/uploads\/2025\/06\/Prog.-Atencion-Social-I_vertical-2024-1_page-0001.jpg","type":"image\/jpeg"}],"twitter_card":"summary_large_image","twitter_misc":{"Escrito por":"acem","Tiempo de lectura":"1 minuto"},"schema":{"@context":"https:\/\/schema.org","@graph":[{"@type":"Organization","@id":"https:\/\/192.168.1.117:8086\/#organization","name":"Acem Esclerosis","url":"https:\/\/192.168.1.117:8086\/","sameAs":[],"logo":{"@type":"ImageObject","@id":"https:\/\/192.168.1.117:8086\/#logo","inLanguage":"es","url":"https:\/\/acemesclerosis.org\/wp-content\/uploads\/2021\/09\/WhatsApp-Image-2021-09-27-at-14.06.43.jpeg","contentUrl":"https:\/\/acemesclerosis.org\/wp-content\/uploads\/2021\/09\/WhatsApp-Image-2021-09-27-at-14.06.43.jpeg","width":1600,"height":592,"caption":"Acem Esclerosis"},"image":{"@id":"https:\/\/192.168.1.117:8086\/#logo"}},{"@type":"WebSite","@id":"https:\/\/192.168.1.117:8086\/#website","url":"https:\/\/192.168.1.117:8086\/","name":"ACEM Esclerosis","description":"Asociaci\u00f3n Coru\u00f1esa de Esclerosis M\u00faltiple","publisher":{"@id":"https:\/\/192.168.1.117:8086\/#organization"},"potentialAction":[{"@type":"SearchAction","target":{"@type":"EntryPoint","urlTemplate":"https:\/\/192.168.1.117:8086\/?s={search_term_string}"},"query-input":"required name=search_term_string"}],"inLanguage":"es"},{"@type":"ImageObject","@id":"https:\/\/acemesclerosis.org\/?p=4784&lang=gl#primaryimage","inLanguage":"es","url":"https:\/\/acemesclerosis.org\/wp-content\/uploads\/2025\/06\/Prog.-Atencion-Social-I_vertical-2024-1_page-0001.jpg","contentUrl":"https:\/\/acemesclerosis.org\/wp-content\/uploads\/2025\/06\/Prog.-Atencion-Social-I_vertical-2024-1_page-0001.jpg","width":1240,"height":1752},{"@type":"WebPage","@id":"https:\/\/acemesclerosis.org\/?p=4784&lang=gl#webpage","url":"https:\/\/acemesclerosis.org\/?p=4784&lang=gl","name":"PROGRAMA DE ATENCI\u00d3N SOCIAL, ASESORAMENTO E INTERVENCI\u00d3N - ACEM Esclerosis","isPartOf":{"@id":"https:\/\/192.168.1.117:8086\/#website"},"primaryImageOfPage":{"@id":"https:\/\/acemesclerosis.org\/?p=4784&lang=gl#primaryimage"},"datePublished":"2025-06-10T08:56:57+00:00","dateModified":"2025-06-10T08:56:58+00:00","breadcrumb":{"@id":"https:\/\/acemesclerosis.org\/?p=4784&lang=gl#breadcrumb"},"inLanguage":"es","potentialAction":[{"@type":"ReadAction","target":["https:\/\/acemesclerosis.org\/?p=4784&lang=gl"]}]},{"@type":"BreadcrumbList","@id":"https:\/\/acemesclerosis.org\/?p=4784&lang=gl#breadcrumb","itemListElement":[{"@type":"ListItem","position":1,"name":"Portada","item":"https:\/\/192.168.1.117:8086\/"},{"@type":"ListItem","position":2,"name":"PROGRAMA DE ATENCI\u00d3N SOCIAL, ASESORAMENTO E INTERVENCI\u00d3N"}]},{"@type":["Article","BlogPosting"],"@id":"https:\/\/acemesclerosis.org\/?p=4784&lang=gl#article","isPartOf":{"@id":"https:\/\/acemesclerosis.org\/?p=4784&lang=gl#webpage"},"author":{"@id":"https:\/\/192.168.1.117:8086\/#\/schema\/person\/054bfdc58cb48a8b5899dcbdf2d388da"},"headline":"PROGRAMA DE ATENCI\u00d3N SOCIAL, ASESORAMENTO E INTERVENCI\u00d3N","datePublished":"2025-06-10T08:56:57+00:00","dateModified":"2025-06-10T08:56:58+00:00","mainEntityOfPage":{"@id":"https:\/\/acemesclerosis.org\/?p=4784&lang=gl#webpage"},"wordCount":271,"commentCount":0,"publisher":{"@id":"https:\/\/192.168.1.117:8086\/#organization"},"image":{"@id":"https:\/\/acemesclerosis.org\/?p=4784&lang=gl#primaryimage"},"thumbnailUrl":"https:\/\/acemesclerosis.org\/wp-content\/uploads\/2025\/06\/Prog.-Atencion-Social-I_vertical-2024-1_page-0001.jpg","keywords":["PROGRAMA DE ATENCI\u00d3N SOCIAL"],"articleSection":["Actualidad","Actualidade","Eventos"],"inLanguage":"es","potentialAction":[{"@type":"CommentAction","name":"Comment","target":["https:\/\/acemesclerosis.org\/?p=4784&lang=gl#respond"]}]},{"@type":"Person","@id":"https:\/\/192.168.1.117:8086\/#\/schema\/person\/054bfdc58cb48a8b5899dcbdf2d388da","name":"acem","image":{"@type":"ImageObject","@id":"https:\/\/192.168.1.117:8086\/#personlogo","inLanguage":"es","url":"https:\/\/acemesclerosis.org\/wp-content\/uploads\/2025\/04\/avatar_user_2_1744704335-96x96.png","contentUrl":"https:\/\/acemesclerosis.org\/wp-content\/uploads\/2025\/04\/avatar_user_2_1744704335-96x96.png","caption":"acem"},"url":"https:\/\/acemesclerosis.org\/?author=2"}]}},"_links":{"self":[{"href":"https:\/\/acemesclerosis.org\/index.php?rest_route=\/wp\/v2\/posts\/4784","targetHints":{"allow":["GET"]}}],"collection":[{"href":"https:\/\/acemesclerosis.org\/index.php?rest_route=\/wp\/v2\/posts"}],"about":[{"href":"https:\/\/acemesclerosis.org\/index.php?rest_route=\/wp\/v2\/types\/post"}],"author":[{"embeddable":true,"href":"https:\/\/acemesclerosis.org\/index.php?rest_route=\/wp\/v2\/users\/2"}],"replies":[{"embeddable":true,"href":"https:\/\/acemesclerosis.org\/index.php?rest_route=%2Fwp%2Fv2%2Fcomments&post=4784"}],"version-history":[{"count":2,"href":"https:\/\/acemesclerosis.org\/index.php?rest_route=\/wp\/v2\/posts\/4784\/revisions"}],"predecessor-version":[{"id":4786,"href":"https:\/\/acemesclerosis.org\/index.php?rest_route=\/wp\/v2\/posts\/4784\/revisions\/4786"}],"wp:featuredmedia":[{"embeddable":true,"href":"https:\/\/acemesclerosis.org\/index.php?rest_route=\/wp\/v2\/media\/4780"}],"wp:attachment":[{"href":"https:\/\/acemesclerosis.org\/index.php?rest_route=%2Fwp%2Fv2%2Fmedia&parent=4784"}],"wp:term":[{"taxonomy":"category","embeddable":true,"href":"https:\/\/acemesclerosis.org\/index.php?rest_route=%2Fwp%2Fv2%2Fcategories&post=4784"},{"taxonomy":"post_tag","embeddable":true,"href":"https:\/\/acemesclerosis.org\/index.php?rest_route=%2Fwp%2Fv2%2Ftags&post=4784"}],"curies":[{"name":"wp","href":"https:\/\/api.w.org\/{rel}","templated":true}]}}