{"id":4788,"date":"2025-06-11T07:18:53","date_gmt":"2025-06-11T07:18:53","guid":{"rendered":"https:\/\/acemesclerosis.org\/?p=4788"},"modified":"2025-10-14T09:38:07","modified_gmt":"2025-10-14T09:38:07","slug":"caminemos-por-la-em-2025","status":"publish","type":"post","link":"https:\/\/acemesclerosis.org\/?p=4788","title":{"rendered":"CAMINEMOS POR LA EM 2025"},"content":{"rendered":"\n<figure class=\"wp-block-gallery has-nested-images columns-default is-cropped wp-block-gallery-1 is-layout-flex wp-block-gallery-is-layout-flex\">\n<figure class=\"wp-block-image size-large\"><img loading=\"lazy\" decoding=\"async\" width=\"819\" height=\"1024\" data-id=\"4789\" src=\"https:\/\/acemesclerosis.org\/wp-content\/uploads\/2025\/06\/Diseno-sin-titulo-7-819x1024.png\" alt=\"\" class=\"wp-image-4789\" srcset=\"https:\/\/acemesclerosis.org\/wp-content\/uploads\/2025\/06\/Diseno-sin-titulo-7-819x1024.png 819w, https:\/\/acemesclerosis.org\/wp-content\/uploads\/2025\/06\/Diseno-sin-titulo-7-240x300.png 240w, https:\/\/acemesclerosis.org\/wp-content\/uploads\/2025\/06\/Diseno-sin-titulo-7-768x960.png 768w, https:\/\/acemesclerosis.org\/wp-content\/uploads\/2025\/06\/Diseno-sin-titulo-7.png 1080w\" sizes=\"auto, (max-width: 819px) 100vw, 819px\" \/><\/figure>\n<\/figure>\n\n\n\n<p>\ud83d\udeb6\u200d\u2640\ufe0f\ud83d\udeb6\u200d\u2642\ufe0f&nbsp;<a href=\"https:\/\/www.instagram.com\/acemesclerosis\/\">ACEM<\/a>&nbsp;se suma por cuarta vez a la campa\u00f1a&nbsp;<a href=\"https:\/\/www.instagram.com\/caminemos_porlaem\/\">caminemosporlaEM<\/a>&nbsp;de&nbsp;<a href=\"https:\/\/www.instagram.com\/aedemesclerosis\/\">aedemesclerosis<\/a>&nbsp;realizando un recorrido de 2 km por el paseo mar\u00edtimo de O Burgo para dar visibilidad a la EM el pr\u00f3ximo:<\/p>\n\n\n\n<p>\ud83d\udcc6 Domingo 29 de junio<br>\ud83d\udd5b 1100 h<br>\ud83d\udccdExplanada del Paseo Mar\u00edtimo de O Burgo de&nbsp;<a href=\"https:\/\/www.instagram.com\/concelloculleredo\/\">concelloculleredo<\/a><\/p>\n\n\n\n<p>\ud83d\udd8a\ufe0f Inscripciones:<br>\ud83d\udccd En la sede de ACEM<br>\ud83d\udcf2 Link <a href=\"https:\/\/docs.google.com\/forms\/d\/1RS2IITrlh0uhArz46tiJnVKDTBlCjasZm_PbRYL12gc\/edit?usp=sharing\">https:\/\/docs.google.com\/forms\/d\/1RS2IITrlh0uhArz46tiJnVKDTBlCjasZm_PbRYL12gc\/edit?usp=sharing<\/a><br>\ud83d\udcde En los tel\u00e9fonos 981 240 985 o 677 477 495<\/p>\n\n\n\n<p>\ud83c\udfaf \u00a1Con tu inscripci\u00f3n ll\u00e9vate tu camiseta de \u201cCaminEMos\u201d! \ud83d\udc55<\/p>\n\n\n\n<p>\u00a1Os esperamos! \ud83d\ude00<\/p>\n","protected":false},"excerpt":{"rendered":"<p>ACEM\u00a0se suma por cuarta vez a la campa\u00f1a\u00a0caminemosporlaEM\u00a0de\u00a0aedemesclerosis\u00a0realizando un recorrido de 2 km por el paseo mar\u00edtimo de O Burgo para dar visibilidad a la EM el pr\u00f3ximo domingo 29 de junio.<\/p>\n","protected":false},"author":2,"featured_media":4789,"comment_status":"open","ping_status":"open","sticky":false,"template":"","format":"standard","meta":{"footnotes":""},"categories":[18,17],"tags":[],"class_list":["post-4788","post","type-post","status-publish","format-standard","has-post-thumbnail","hentry","category-actualidad","category-eventos"],"yoast_head":"<!-- This site is optimized with the Yoast SEO plugin v17.9 - https:\/\/yoast.com\/wordpress\/plugins\/seo\/ -->\n<title>CAMINEMOS POR LA EM 2025 - ACEM Esclerosis<\/title>\n<meta name=\"robots\" content=\"index, follow, max-snippet:-1, max-image-preview:large, max-video-preview:-1\" \/>\n<link rel=\"canonical\" href=\"https:\/\/acemesclerosis.org\/?p=4788\" \/>\n<meta property=\"og:locale\" content=\"es_ES\" \/>\n<meta property=\"og:type\" content=\"article\" \/>\n<meta property=\"og:title\" content=\"CAMINEMOS POR LA EM 2025 - ACEM Esclerosis\" \/>\n<meta property=\"og:description\" content=\"ACEM\u00a0se suma por cuarta vez a la campa\u00f1a\u00a0caminemosporlaEM\u00a0de\u00a0aedemesclerosis\u00a0realizando un recorrido de 2 km por el paseo mar\u00edtimo de O Burgo para dar visibilidad a la EM el pr\u00f3ximo domingo 29 de junio.\" \/>\n<meta property=\"og:url\" content=\"https:\/\/acemesclerosis.org\/?p=4788\" \/>\n<meta property=\"og:site_name\" content=\"ACEM Esclerosis\" \/>\n<meta property=\"article:published_time\" content=\"2025-06-11T07:18:53+00:00\" \/>\n<meta property=\"article:modified_time\" content=\"2025-10-14T09:38:07+00:00\" \/>\n<meta property=\"og:image\" content=\"https:\/\/acemesclerosis.org\/wp-content\/uploads\/2025\/06\/Diseno-sin-titulo-7-819x1024.png\" \/>\n\t<meta property=\"og:image:width\" content=\"819\" \/>\n\t<meta property=\"og:image:height\" content=\"1024\" \/>\n\t<meta property=\"og:image:type\" content=\"image\/png\" \/>\n<meta name=\"twitter:card\" content=\"summary_large_image\" \/>\n<meta name=\"twitter:label1\" content=\"Escrito por\" \/>\n\t<meta name=\"twitter:data1\" content=\"acem\" \/>\n<script type=\"application\/ld+json\" class=\"yoast-schema-graph\">{\"@context\":\"https:\/\/schema.org\",\"@graph\":[{\"@type\":\"Organization\",\"@id\":\"https:\/\/192.168.1.117:8086\/#organization\",\"name\":\"Acem Esclerosis\",\"url\":\"https:\/\/192.168.1.117:8086\/\",\"sameAs\":[],\"logo\":{\"@type\":\"ImageObject\",\"@id\":\"https:\/\/192.168.1.117:8086\/#logo\",\"inLanguage\":\"es\",\"url\":\"https:\/\/acemesclerosis.org\/wp-content\/uploads\/2021\/09\/WhatsApp-Image-2021-09-27-at-14.06.43.jpeg\",\"contentUrl\":\"https:\/\/acemesclerosis.org\/wp-content\/uploads\/2021\/09\/WhatsApp-Image-2021-09-27-at-14.06.43.jpeg\",\"width\":1600,\"height\":592,\"caption\":\"Acem Esclerosis\"},\"image\":{\"@id\":\"https:\/\/192.168.1.117:8086\/#logo\"}},{\"@type\":\"WebSite\",\"@id\":\"https:\/\/192.168.1.117:8086\/#website\",\"url\":\"https:\/\/192.168.1.117:8086\/\",\"name\":\"ACEM Esclerosis\",\"description\":\"Asociaci\\u00f3n Coru\\u00f1esa de Esclerosis M\\u00faltiple\",\"publisher\":{\"@id\":\"https:\/\/192.168.1.117:8086\/#organization\"},\"potentialAction\":[{\"@type\":\"SearchAction\",\"target\":{\"@type\":\"EntryPoint\",\"urlTemplate\":\"https:\/\/192.168.1.117:8086\/?s={search_term_string}\"},\"query-input\":\"required name=search_term_string\"}],\"inLanguage\":\"es\"},{\"@type\":\"ImageObject\",\"@id\":\"https:\/\/acemesclerosis.org\/?p=4788#primaryimage\",\"inLanguage\":\"es\",\"url\":\"https:\/\/acemesclerosis.org\/wp-content\/uploads\/2025\/06\/Diseno-sin-titulo-7.png\",\"contentUrl\":\"https:\/\/acemesclerosis.org\/wp-content\/uploads\/2025\/06\/Diseno-sin-titulo-7.png\",\"width\":1080,\"height\":1350,\"caption\":\"ACEM\\u00a0se suma por cuarta vez a la campa\\u00f1a\\u00a0caminemosporlaEM\\u00a0de\\u00a0aedemesclerosis\\u00a0realizando un recorrido de 2 km por el paseo mar\\u00edtimo de O Burgo para dar visibilidad a la EM el pr\\u00f3ximo domindo 29 de junio\"},{\"@type\":\"WebPage\",\"@id\":\"https:\/\/acemesclerosis.org\/?p=4788#webpage\",\"url\":\"https:\/\/acemesclerosis.org\/?p=4788\",\"name\":\"CAMINEMOS POR LA EM 2025 - ACEM Esclerosis\",\"isPartOf\":{\"@id\":\"https:\/\/192.168.1.117:8086\/#website\"},\"primaryImageOfPage\":{\"@id\":\"https:\/\/acemesclerosis.org\/?p=4788#primaryimage\"},\"datePublished\":\"2025-06-11T07:18:53+00:00\",\"dateModified\":\"2025-10-14T09:38:07+00:00\",\"breadcrumb\":{\"@id\":\"https:\/\/acemesclerosis.org\/?p=4788#breadcrumb\"},\"inLanguage\":\"es\",\"potentialAction\":[{\"@type\":\"ReadAction\",\"target\":[\"https:\/\/acemesclerosis.org\/?p=4788\"]}]},{\"@type\":\"BreadcrumbList\",\"@id\":\"https:\/\/acemesclerosis.org\/?p=4788#breadcrumb\",\"itemListElement\":[{\"@type\":\"ListItem\",\"position\":1,\"name\":\"Portada\",\"item\":\"https:\/\/192.168.1.117:8086\/\"},{\"@type\":\"ListItem\",\"position\":2,\"name\":\"CAMINEMOS POR LA EM 2025\"}]},{\"@type\":[\"Article\",\"BlogPosting\"],\"@id\":\"https:\/\/acemesclerosis.org\/?p=4788#article\",\"isPartOf\":{\"@id\":\"https:\/\/acemesclerosis.org\/?p=4788#webpage\"},\"author\":{\"@id\":\"https:\/\/192.168.1.117:8086\/#\/schema\/person\/054bfdc58cb48a8b5899dcbdf2d388da\"},\"headline\":\"CAMINEMOS POR LA EM 2025\",\"datePublished\":\"2025-06-11T07:18:53+00:00\",\"dateModified\":\"2025-10-14T09:38:07+00:00\",\"mainEntityOfPage\":{\"@id\":\"https:\/\/acemesclerosis.org\/?p=4788#webpage\"},\"wordCount\":99,\"commentCount\":0,\"publisher\":{\"@id\":\"https:\/\/192.168.1.117:8086\/#organization\"},\"image\":{\"@id\":\"https:\/\/acemesclerosis.org\/?p=4788#primaryimage\"},\"thumbnailUrl\":\"https:\/\/acemesclerosis.org\/wp-content\/uploads\/2025\/06\/Diseno-sin-titulo-7.png\",\"articleSection\":[\"Actualidad\",\"Eventos\"],\"inLanguage\":\"es\",\"potentialAction\":[{\"@type\":\"CommentAction\",\"name\":\"Comment\",\"target\":[\"https:\/\/acemesclerosis.org\/?p=4788#respond\"]}]},{\"@type\":\"Person\",\"@id\":\"https:\/\/192.168.1.117:8086\/#\/schema\/person\/054bfdc58cb48a8b5899dcbdf2d388da\",\"name\":\"acem\",\"image\":{\"@type\":\"ImageObject\",\"@id\":\"https:\/\/192.168.1.117:8086\/#personlogo\",\"inLanguage\":\"es\",\"url\":\"https:\/\/acemesclerosis.org\/wp-content\/uploads\/2025\/04\/avatar_user_2_1744704335-96x96.png\",\"contentUrl\":\"https:\/\/acemesclerosis.org\/wp-content\/uploads\/2025\/04\/avatar_user_2_1744704335-96x96.png\",\"caption\":\"acem\"},\"url\":\"https:\/\/acemesclerosis.org\/?author=2\"}]}<\/script>\n<!-- \/ Yoast SEO plugin. -->","yoast_head_json":{"title":"CAMINEMOS POR LA EM 2025 - ACEM Esclerosis","robots":{"index":"index","follow":"follow","max-snippet":"max-snippet:-1","max-image-preview":"max-image-preview:large","max-video-preview":"max-video-preview:-1"},"canonical":"https:\/\/acemesclerosis.org\/?p=4788","og_locale":"es_ES","og_type":"article","og_title":"CAMINEMOS POR LA EM 2025 - ACEM Esclerosis","og_description":"ACEM\u00a0se suma por cuarta vez a la campa\u00f1a\u00a0caminemosporlaEM\u00a0de\u00a0aedemesclerosis\u00a0realizando un recorrido de 2 km por el paseo mar\u00edtimo de O Burgo para dar visibilidad a la EM el pr\u00f3ximo domingo 29 de junio.","og_url":"https:\/\/acemesclerosis.org\/?p=4788","og_site_name":"ACEM Esclerosis","article_published_time":"2025-06-11T07:18:53+00:00","article_modified_time":"2025-10-14T09:38:07+00:00","og_image":[{"width":819,"height":1024,"url":"https:\/\/acemesclerosis.org\/wp-content\/uploads\/2025\/06\/Diseno-sin-titulo-7-819x1024.png","type":"image\/png"}],"twitter_card":"summary_large_image","twitter_misc":{"Escrito por":"acem"},"schema":{"@context":"https:\/\/schema.org","@graph":[{"@type":"Organization","@id":"https:\/\/192.168.1.117:8086\/#organization","name":"Acem Esclerosis","url":"https:\/\/192.168.1.117:8086\/","sameAs":[],"logo":{"@type":"ImageObject","@id":"https:\/\/192.168.1.117:8086\/#logo","inLanguage":"es","url":"https:\/\/acemesclerosis.org\/wp-content\/uploads\/2021\/09\/WhatsApp-Image-2021-09-27-at-14.06.43.jpeg","contentUrl":"https:\/\/acemesclerosis.org\/wp-content\/uploads\/2021\/09\/WhatsApp-Image-2021-09-27-at-14.06.43.jpeg","width":1600,"height":592,"caption":"Acem Esclerosis"},"image":{"@id":"https:\/\/192.168.1.117:8086\/#logo"}},{"@type":"WebSite","@id":"https:\/\/192.168.1.117:8086\/#website","url":"https:\/\/192.168.1.117:8086\/","name":"ACEM Esclerosis","description":"Asociaci\u00f3n Coru\u00f1esa de Esclerosis M\u00faltiple","publisher":{"@id":"https:\/\/192.168.1.117:8086\/#organization"},"potentialAction":[{"@type":"SearchAction","target":{"@type":"EntryPoint","urlTemplate":"https:\/\/192.168.1.117:8086\/?s={search_term_string}"},"query-input":"required name=search_term_string"}],"inLanguage":"es"},{"@type":"ImageObject","@id":"https:\/\/acemesclerosis.org\/?p=4788#primaryimage","inLanguage":"es","url":"https:\/\/acemesclerosis.org\/wp-content\/uploads\/2025\/06\/Diseno-sin-titulo-7.png","contentUrl":"https:\/\/acemesclerosis.org\/wp-content\/uploads\/2025\/06\/Diseno-sin-titulo-7.png","width":1080,"height":1350,"caption":"ACEM\u00a0se suma por cuarta vez a la campa\u00f1a\u00a0caminemosporlaEM\u00a0de\u00a0aedemesclerosis\u00a0realizando un recorrido de 2 km por el paseo mar\u00edtimo de O Burgo para dar visibilidad a la EM el pr\u00f3ximo domindo 29 de junio"},{"@type":"WebPage","@id":"https:\/\/acemesclerosis.org\/?p=4788#webpage","url":"https:\/\/acemesclerosis.org\/?p=4788","name":"CAMINEMOS POR LA EM 2025 - ACEM Esclerosis","isPartOf":{"@id":"https:\/\/192.168.1.117:8086\/#website"},"primaryImageOfPage":{"@id":"https:\/\/acemesclerosis.org\/?p=4788#primaryimage"},"datePublished":"2025-06-11T07:18:53+00:00","dateModified":"2025-10-14T09:38:07+00:00","breadcrumb":{"@id":"https:\/\/acemesclerosis.org\/?p=4788#breadcrumb"},"inLanguage":"es","potentialAction":[{"@type":"ReadAction","target":["https:\/\/acemesclerosis.org\/?p=4788"]}]},{"@type":"BreadcrumbList","@id":"https:\/\/acemesclerosis.org\/?p=4788#breadcrumb","itemListElement":[{"@type":"ListItem","position":1,"name":"Portada","item":"https:\/\/192.168.1.117:8086\/"},{"@type":"ListItem","position":2,"name":"CAMINEMOS POR LA EM 2025"}]},{"@type":["Article","BlogPosting"],"@id":"https:\/\/acemesclerosis.org\/?p=4788#article","isPartOf":{"@id":"https:\/\/acemesclerosis.org\/?p=4788#webpage"},"author":{"@id":"https:\/\/192.168.1.117:8086\/#\/schema\/person\/054bfdc58cb48a8b5899dcbdf2d388da"},"headline":"CAMINEMOS POR LA EM 2025","datePublished":"2025-06-11T07:18:53+00:00","dateModified":"2025-10-14T09:38:07+00:00","mainEntityOfPage":{"@id":"https:\/\/acemesclerosis.org\/?p=4788#webpage"},"wordCount":99,"commentCount":0,"publisher":{"@id":"https:\/\/192.168.1.117:8086\/#organization"},"image":{"@id":"https:\/\/acemesclerosis.org\/?p=4788#primaryimage"},"thumbnailUrl":"https:\/\/acemesclerosis.org\/wp-content\/uploads\/2025\/06\/Diseno-sin-titulo-7.png","articleSection":["Actualidad","Eventos"],"inLanguage":"es","potentialAction":[{"@type":"CommentAction","name":"Comment","target":["https:\/\/acemesclerosis.org\/?p=4788#respond"]}]},{"@type":"Person","@id":"https:\/\/192.168.1.117:8086\/#\/schema\/person\/054bfdc58cb48a8b5899dcbdf2d388da","name":"acem","image":{"@type":"ImageObject","@id":"https:\/\/192.168.1.117:8086\/#personlogo","inLanguage":"es","url":"https:\/\/acemesclerosis.org\/wp-content\/uploads\/2025\/04\/avatar_user_2_1744704335-96x96.png","contentUrl":"https:\/\/acemesclerosis.org\/wp-content\/uploads\/2025\/04\/avatar_user_2_1744704335-96x96.png","caption":"acem"},"url":"https:\/\/acemesclerosis.org\/?author=2"}]}},"_links":{"self":[{"href":"https:\/\/acemesclerosis.org\/index.php?rest_route=\/wp\/v2\/posts\/4788","targetHints":{"allow":["GET"]}}],"collection":[{"href":"https:\/\/acemesclerosis.org\/index.php?rest_route=\/wp\/v2\/posts"}],"about":[{"href":"https:\/\/acemesclerosis.org\/index.php?rest_route=\/wp\/v2\/types\/post"}],"author":[{"embeddable":true,"href":"https:\/\/acemesclerosis.org\/index.php?rest_route=\/wp\/v2\/users\/2"}],"replies":[{"embeddable":true,"href":"https:\/\/acemesclerosis.org\/index.php?rest_route=%2Fwp%2Fv2%2Fcomments&post=4788"}],"version-history":[{"count":3,"href":"https:\/\/acemesclerosis.org\/index.php?rest_route=\/wp\/v2\/posts\/4788\/revisions"}],"predecessor-version":[{"id":4797,"href":"https:\/\/acemesclerosis.org\/index.php?rest_route=\/wp\/v2\/posts\/4788\/revisions\/4797"}],"wp:featuredmedia":[{"embeddable":true,"href":"https:\/\/acemesclerosis.org\/index.php?rest_route=\/wp\/v2\/media\/4789"}],"wp:attachment":[{"href":"https:\/\/acemesclerosis.org\/index.php?rest_route=%2Fwp%2Fv2%2Fmedia&parent=4788"}],"wp:term":[{"taxonomy":"category","embeddable":true,"href":"https:\/\/acemesclerosis.org\/index.php?rest_route=%2Fwp%2Fv2%2Fcategories&post=4788"},{"taxonomy":"post_tag","embeddable":true,"href":"https:\/\/acemesclerosis.org\/index.php?rest_route=%2Fwp%2Fv2%2Ftags&post=4788"}],"curies":[{"name":"wp","href":"https:\/\/api.w.org\/{rel}","templated":true}]}}