{"id":5133,"date":"2025-06-20T07:52:02","date_gmt":"2025-06-20T07:52:02","guid":{"rendered":"https:\/\/acemesclerosis.org\/?p=5133"},"modified":"2025-07-29T09:07:28","modified_gmt":"2025-07-29T09:07:28","slug":"programa-de-acogida-e-informacion-a-personas-con-esclerosis-multiple-y-familiares","status":"publish","type":"post","link":"https:\/\/acemesclerosis.org\/?p=5133","title":{"rendered":"Programa de acogida e informaci\u00f3n a personas con esclerosis m\u00faltiple y familiares"},"content":{"rendered":"\n<p>La Asociaci\u00f3n Coru\u00f1esa de Esclerosis M\u00faltiple (ACEM) ha realizado un<strong>&nbsp;Programa de acogida e informaci\u00f3n a personas con Esclerosis m\u00faltiple y familiares<\/strong>, con el que un&nbsp;<strong>20 de personas afectadas de EM y sus familiares de la provincia de A Coru\u00f1a<\/strong>&nbsp;recibieron durante los meses de enero a junio apoyo psicol\u00f3gico para el afrontamiento de la enfermedad y nuevas situaciones que puedan ir surgiendo a ra\u00edz de esta.<\/p>\n\n\n\n<p>Mediante este programa, personas afectadas de EM recibieron sesiones de terapia psicol\u00f3gica individual con el objetivo de acompa\u00f1ar a estos usuarios durante el proceso de aceptaci\u00f3n y adaptaci\u00f3n a la enfermedad, proporcion\u00e1ndoles recursos para afrontar los cambios emocionales y f\u00edsicos que conlleva, mejorar el estado de \u00e1nimo y aprender a manejar el estr\u00e9s y la ansiedad que puede suponer el proceso variante e impredecible de la enfermedad. Este apoyo psicol\u00f3gico tambi\u00e9n ha permitido un espacio para el desahogo y la expresi\u00f3n emocional, el fortalecimiento de la autoestima y la autonom\u00eda personal, lo que impacta positivamente en la calidad de vida de las personas afectadas y sus familiares.<\/p>\n\n\n\n<p>Este proyecto forma parte del Plan de Prioridades de la Confederaci\u00f3n Espa\u00f1ola de Personas con Discapacidad F\u00edsica y Org\u00e1nica (COCEMFE), financiado por la Fundaci\u00f3n ONCE. La Confederaci\u00f3n gestiona esta subvenci\u00f3n para la financiaci\u00f3n de los proyectos prioritarios de sus entidades, proporcion\u00e1ndoles asesoramiento y realizando un seguimiento pormenorizado durante todo el proceso.<\/p>\n\n\n\n<p>La Asociaci\u00f3n Coru\u00f1esa de Esclerosis M\u00faltiple &#8211; ACEM es una entidad sin \u00e1nimo de lucro que agrupa a personas con esclerosis m\u00faltiple y a sus familiares. El \u00e1mbito de actuaci\u00f3n abarca todo el territorio de la provincia de A Coru\u00f1a y en ella se promueven toda clase de actividades e informaci\u00f3n destinadas a mejorar la situaci\u00f3n y calidad de vida de las personas afectadas por esta enfermedad.<\/p>\n\n\n\n<figure class=\"wp-block-image size-large\"><img loading=\"lazy\" decoding=\"async\" width=\"1024\" height=\"683\" src=\"https:\/\/acemesclerosis.org\/wp-content\/uploads\/2025\/07\/DSC04477-1024x683.jpg\" alt=\"\" class=\"wp-image-5134\" srcset=\"https:\/\/acemesclerosis.org\/wp-content\/uploads\/2025\/07\/DSC04477-1024x683.jpg 1024w, https:\/\/acemesclerosis.org\/wp-content\/uploads\/2025\/07\/DSC04477-300x200.jpg 300w, https:\/\/acemesclerosis.org\/wp-content\/uploads\/2025\/07\/DSC04477-768x512.jpg 768w, https:\/\/acemesclerosis.org\/wp-content\/uploads\/2025\/07\/DSC04477-1536x1024.jpg 1536w, https:\/\/acemesclerosis.org\/wp-content\/uploads\/2025\/07\/DSC04477-2048x1365.jpg 2048w\" sizes=\"auto, (max-width: 1024px) 100vw, 1024px\" \/><\/figure>\n","protected":false},"excerpt":{"rendered":"<p>La Asociaci\u00f3n Coru\u00f1esa de Esclerosis M\u00faltiple (ACEM) ha realizado un&nbsp;Programa de acogida e informaci\u00f3n a personas con Esclerosis m\u00faltiple y familiares, con el que un&nbsp;20 de personas afectadas de EM y sus familiares de la provincia de A Coru\u00f1a&nbsp;recibieron durante los meses de enero a junio apoyo psicol\u00f3gico para el afrontamiento de la enfermedad y [&hellip;]<\/p>\n","protected":false},"author":2,"featured_media":5134,"comment_status":"open","ping_status":"open","sticky":false,"template":"","format":"standard","meta":{"footnotes":""},"categories":[18,17],"tags":[],"class_list":["post-5133","post","type-post","status-publish","format-standard","has-post-thumbnail","hentry","category-actualidad","category-eventos"],"yoast_head":"<!-- This site is optimized with the Yoast SEO plugin v17.9 - https:\/\/yoast.com\/wordpress\/plugins\/seo\/ -->\n<title>Programa de acogida e informaci\u00f3n a personas con esclerosis m\u00faltiple y familiares - ACEM Esclerosis<\/title>\n<meta name=\"robots\" content=\"index, follow, max-snippet:-1, max-image-preview:large, max-video-preview:-1\" \/>\n<link rel=\"canonical\" href=\"https:\/\/acemesclerosis.org\/?p=5133\" \/>\n<meta property=\"og:locale\" content=\"es_ES\" \/>\n<meta property=\"og:type\" content=\"article\" \/>\n<meta property=\"og:title\" content=\"Programa de acogida e informaci\u00f3n a personas con esclerosis m\u00faltiple y familiares - ACEM Esclerosis\" \/>\n<meta property=\"og:description\" content=\"La Asociaci\u00f3n Coru\u00f1esa de Esclerosis M\u00faltiple (ACEM) ha realizado un&nbsp;Programa de acogida e informaci\u00f3n a personas con Esclerosis m\u00faltiple y familiares, con el que un&nbsp;20 de personas afectadas de EM y sus familiares de la provincia de A Coru\u00f1a&nbsp;recibieron durante los meses de enero a junio apoyo psicol\u00f3gico para el afrontamiento de la enfermedad y [&hellip;]\" \/>\n<meta property=\"og:url\" content=\"https:\/\/acemesclerosis.org\/?p=5133\" \/>\n<meta property=\"og:site_name\" content=\"ACEM Esclerosis\" \/>\n<meta property=\"article:published_time\" content=\"2025-06-20T07:52:02+00:00\" \/>\n<meta property=\"article:modified_time\" content=\"2025-07-29T09:07:28+00:00\" \/>\n<meta property=\"og:image\" content=\"https:\/\/acemesclerosis.org\/wp-content\/uploads\/2025\/07\/DSC04477-scaled.jpg\" \/>\n\t<meta property=\"og:image:width\" content=\"2560\" \/>\n\t<meta property=\"og:image:height\" content=\"1707\" \/>\n\t<meta property=\"og:image:type\" content=\"image\/jpeg\" \/>\n<meta name=\"twitter:card\" content=\"summary_large_image\" \/>\n<meta name=\"twitter:label1\" content=\"Escrito por\" \/>\n\t<meta name=\"twitter:data1\" content=\"acem\" \/>\n\t<meta name=\"twitter:label2\" content=\"Tiempo de lectura\" \/>\n\t<meta name=\"twitter:data2\" content=\"2 minutos\" \/>\n<script type=\"application\/ld+json\" class=\"yoast-schema-graph\">{\"@context\":\"https:\/\/schema.org\",\"@graph\":[{\"@type\":\"Organization\",\"@id\":\"https:\/\/192.168.1.117:8086\/#organization\",\"name\":\"Acem Esclerosis\",\"url\":\"https:\/\/192.168.1.117:8086\/\",\"sameAs\":[],\"logo\":{\"@type\":\"ImageObject\",\"@id\":\"https:\/\/192.168.1.117:8086\/#logo\",\"inLanguage\":\"es\",\"url\":\"https:\/\/acemesclerosis.org\/wp-content\/uploads\/2021\/09\/WhatsApp-Image-2021-09-27-at-14.06.43.jpeg\",\"contentUrl\":\"https:\/\/acemesclerosis.org\/wp-content\/uploads\/2021\/09\/WhatsApp-Image-2021-09-27-at-14.06.43.jpeg\",\"width\":1600,\"height\":592,\"caption\":\"Acem Esclerosis\"},\"image\":{\"@id\":\"https:\/\/192.168.1.117:8086\/#logo\"}},{\"@type\":\"WebSite\",\"@id\":\"https:\/\/192.168.1.117:8086\/#website\",\"url\":\"https:\/\/192.168.1.117:8086\/\",\"name\":\"ACEM Esclerosis\",\"description\":\"Asociaci\\u00f3n Coru\\u00f1esa de Esclerosis M\\u00faltiple\",\"publisher\":{\"@id\":\"https:\/\/192.168.1.117:8086\/#organization\"},\"potentialAction\":[{\"@type\":\"SearchAction\",\"target\":{\"@type\":\"EntryPoint\",\"urlTemplate\":\"https:\/\/192.168.1.117:8086\/?s={search_term_string}\"},\"query-input\":\"required name=search_term_string\"}],\"inLanguage\":\"es\"},{\"@type\":\"ImageObject\",\"@id\":\"https:\/\/acemesclerosis.org\/?p=5133#primaryimage\",\"inLanguage\":\"es\",\"url\":\"https:\/\/acemesclerosis.org\/wp-content\/uploads\/2025\/07\/DSC04477-scaled.jpg\",\"contentUrl\":\"https:\/\/acemesclerosis.org\/wp-content\/uploads\/2025\/07\/DSC04477-scaled.jpg\",\"width\":2560,\"height\":1707},{\"@type\":\"WebPage\",\"@id\":\"https:\/\/acemesclerosis.org\/?p=5133#webpage\",\"url\":\"https:\/\/acemesclerosis.org\/?p=5133\",\"name\":\"Programa de acogida e informaci\\u00f3n a personas con esclerosis m\\u00faltiple y familiares - ACEM Esclerosis\",\"isPartOf\":{\"@id\":\"https:\/\/192.168.1.117:8086\/#website\"},\"primaryImageOfPage\":{\"@id\":\"https:\/\/acemesclerosis.org\/?p=5133#primaryimage\"},\"datePublished\":\"2025-06-20T07:52:02+00:00\",\"dateModified\":\"2025-07-29T09:07:28+00:00\",\"breadcrumb\":{\"@id\":\"https:\/\/acemesclerosis.org\/?p=5133#breadcrumb\"},\"inLanguage\":\"es\",\"potentialAction\":[{\"@type\":\"ReadAction\",\"target\":[\"https:\/\/acemesclerosis.org\/?p=5133\"]}]},{\"@type\":\"BreadcrumbList\",\"@id\":\"https:\/\/acemesclerosis.org\/?p=5133#breadcrumb\",\"itemListElement\":[{\"@type\":\"ListItem\",\"position\":1,\"name\":\"Portada\",\"item\":\"https:\/\/192.168.1.117:8086\/\"},{\"@type\":\"ListItem\",\"position\":2,\"name\":\"Programa de acogida e informaci\\u00f3n a personas con esclerosis m\\u00faltiple y familiares\"}]},{\"@type\":[\"Article\",\"BlogPosting\"],\"@id\":\"https:\/\/acemesclerosis.org\/?p=5133#article\",\"isPartOf\":{\"@id\":\"https:\/\/acemesclerosis.org\/?p=5133#webpage\"},\"author\":{\"@id\":\"https:\/\/192.168.1.117:8086\/#\/schema\/person\/054bfdc58cb48a8b5899dcbdf2d388da\"},\"headline\":\"Programa de acogida e informaci\\u00f3n a personas con esclerosis m\\u00faltiple y familiares\",\"datePublished\":\"2025-06-20T07:52:02+00:00\",\"dateModified\":\"2025-07-29T09:07:28+00:00\",\"mainEntityOfPage\":{\"@id\":\"https:\/\/acemesclerosis.org\/?p=5133#webpage\"},\"wordCount\":345,\"commentCount\":0,\"publisher\":{\"@id\":\"https:\/\/192.168.1.117:8086\/#organization\"},\"image\":{\"@id\":\"https:\/\/acemesclerosis.org\/?p=5133#primaryimage\"},\"thumbnailUrl\":\"https:\/\/acemesclerosis.org\/wp-content\/uploads\/2025\/07\/DSC04477-scaled.jpg\",\"articleSection\":[\"Actualidad\",\"Eventos\"],\"inLanguage\":\"es\",\"potentialAction\":[{\"@type\":\"CommentAction\",\"name\":\"Comment\",\"target\":[\"https:\/\/acemesclerosis.org\/?p=5133#respond\"]}]},{\"@type\":\"Person\",\"@id\":\"https:\/\/192.168.1.117:8086\/#\/schema\/person\/054bfdc58cb48a8b5899dcbdf2d388da\",\"name\":\"acem\",\"image\":{\"@type\":\"ImageObject\",\"@id\":\"https:\/\/192.168.1.117:8086\/#personlogo\",\"inLanguage\":\"es\",\"url\":\"https:\/\/acemesclerosis.org\/wp-content\/uploads\/2025\/04\/avatar_user_2_1744704335-96x96.png\",\"contentUrl\":\"https:\/\/acemesclerosis.org\/wp-content\/uploads\/2025\/04\/avatar_user_2_1744704335-96x96.png\",\"caption\":\"acem\"},\"url\":\"https:\/\/acemesclerosis.org\/?author=2\"}]}<\/script>\n<!-- \/ Yoast SEO plugin. -->","yoast_head_json":{"title":"Programa de acogida e informaci\u00f3n a personas con esclerosis m\u00faltiple y familiares - ACEM Esclerosis","robots":{"index":"index","follow":"follow","max-snippet":"max-snippet:-1","max-image-preview":"max-image-preview:large","max-video-preview":"max-video-preview:-1"},"canonical":"https:\/\/acemesclerosis.org\/?p=5133","og_locale":"es_ES","og_type":"article","og_title":"Programa de acogida e informaci\u00f3n a personas con esclerosis m\u00faltiple y familiares - ACEM Esclerosis","og_description":"La Asociaci\u00f3n Coru\u00f1esa de Esclerosis M\u00faltiple (ACEM) ha realizado un&nbsp;Programa de acogida e informaci\u00f3n a personas con Esclerosis m\u00faltiple y familiares, con el que un&nbsp;20 de personas afectadas de EM y sus familiares de la provincia de A Coru\u00f1a&nbsp;recibieron durante los meses de enero a junio apoyo psicol\u00f3gico para el afrontamiento de la enfermedad y [&hellip;]","og_url":"https:\/\/acemesclerosis.org\/?p=5133","og_site_name":"ACEM Esclerosis","article_published_time":"2025-06-20T07:52:02+00:00","article_modified_time":"2025-07-29T09:07:28+00:00","og_image":[{"width":2560,"height":1707,"url":"https:\/\/acemesclerosis.org\/wp-content\/uploads\/2025\/07\/DSC04477-scaled.jpg","type":"image\/jpeg"}],"twitter_card":"summary_large_image","twitter_misc":{"Escrito por":"acem","Tiempo de lectura":"2 minutos"},"schema":{"@context":"https:\/\/schema.org","@graph":[{"@type":"Organization","@id":"https:\/\/192.168.1.117:8086\/#organization","name":"Acem Esclerosis","url":"https:\/\/192.168.1.117:8086\/","sameAs":[],"logo":{"@type":"ImageObject","@id":"https:\/\/192.168.1.117:8086\/#logo","inLanguage":"es","url":"https:\/\/acemesclerosis.org\/wp-content\/uploads\/2021\/09\/WhatsApp-Image-2021-09-27-at-14.06.43.jpeg","contentUrl":"https:\/\/acemesclerosis.org\/wp-content\/uploads\/2021\/09\/WhatsApp-Image-2021-09-27-at-14.06.43.jpeg","width":1600,"height":592,"caption":"Acem Esclerosis"},"image":{"@id":"https:\/\/192.168.1.117:8086\/#logo"}},{"@type":"WebSite","@id":"https:\/\/192.168.1.117:8086\/#website","url":"https:\/\/192.168.1.117:8086\/","name":"ACEM Esclerosis","description":"Asociaci\u00f3n Coru\u00f1esa de Esclerosis M\u00faltiple","publisher":{"@id":"https:\/\/192.168.1.117:8086\/#organization"},"potentialAction":[{"@type":"SearchAction","target":{"@type":"EntryPoint","urlTemplate":"https:\/\/192.168.1.117:8086\/?s={search_term_string}"},"query-input":"required name=search_term_string"}],"inLanguage":"es"},{"@type":"ImageObject","@id":"https:\/\/acemesclerosis.org\/?p=5133#primaryimage","inLanguage":"es","url":"https:\/\/acemesclerosis.org\/wp-content\/uploads\/2025\/07\/DSC04477-scaled.jpg","contentUrl":"https:\/\/acemesclerosis.org\/wp-content\/uploads\/2025\/07\/DSC04477-scaled.jpg","width":2560,"height":1707},{"@type":"WebPage","@id":"https:\/\/acemesclerosis.org\/?p=5133#webpage","url":"https:\/\/acemesclerosis.org\/?p=5133","name":"Programa de acogida e informaci\u00f3n a personas con esclerosis m\u00faltiple y familiares - ACEM Esclerosis","isPartOf":{"@id":"https:\/\/192.168.1.117:8086\/#website"},"primaryImageOfPage":{"@id":"https:\/\/acemesclerosis.org\/?p=5133#primaryimage"},"datePublished":"2025-06-20T07:52:02+00:00","dateModified":"2025-07-29T09:07:28+00:00","breadcrumb":{"@id":"https:\/\/acemesclerosis.org\/?p=5133#breadcrumb"},"inLanguage":"es","potentialAction":[{"@type":"ReadAction","target":["https:\/\/acemesclerosis.org\/?p=5133"]}]},{"@type":"BreadcrumbList","@id":"https:\/\/acemesclerosis.org\/?p=5133#breadcrumb","itemListElement":[{"@type":"ListItem","position":1,"name":"Portada","item":"https:\/\/192.168.1.117:8086\/"},{"@type":"ListItem","position":2,"name":"Programa de acogida e informaci\u00f3n a personas con esclerosis m\u00faltiple y familiares"}]},{"@type":["Article","BlogPosting"],"@id":"https:\/\/acemesclerosis.org\/?p=5133#article","isPartOf":{"@id":"https:\/\/acemesclerosis.org\/?p=5133#webpage"},"author":{"@id":"https:\/\/192.168.1.117:8086\/#\/schema\/person\/054bfdc58cb48a8b5899dcbdf2d388da"},"headline":"Programa de acogida e informaci\u00f3n a personas con esclerosis m\u00faltiple y familiares","datePublished":"2025-06-20T07:52:02+00:00","dateModified":"2025-07-29T09:07:28+00:00","mainEntityOfPage":{"@id":"https:\/\/acemesclerosis.org\/?p=5133#webpage"},"wordCount":345,"commentCount":0,"publisher":{"@id":"https:\/\/192.168.1.117:8086\/#organization"},"image":{"@id":"https:\/\/acemesclerosis.org\/?p=5133#primaryimage"},"thumbnailUrl":"https:\/\/acemesclerosis.org\/wp-content\/uploads\/2025\/07\/DSC04477-scaled.jpg","articleSection":["Actualidad","Eventos"],"inLanguage":"es","potentialAction":[{"@type":"CommentAction","name":"Comment","target":["https:\/\/acemesclerosis.org\/?p=5133#respond"]}]},{"@type":"Person","@id":"https:\/\/192.168.1.117:8086\/#\/schema\/person\/054bfdc58cb48a8b5899dcbdf2d388da","name":"acem","image":{"@type":"ImageObject","@id":"https:\/\/192.168.1.117:8086\/#personlogo","inLanguage":"es","url":"https:\/\/acemesclerosis.org\/wp-content\/uploads\/2025\/04\/avatar_user_2_1744704335-96x96.png","contentUrl":"https:\/\/acemesclerosis.org\/wp-content\/uploads\/2025\/04\/avatar_user_2_1744704335-96x96.png","caption":"acem"},"url":"https:\/\/acemesclerosis.org\/?author=2"}]}},"_links":{"self":[{"href":"https:\/\/acemesclerosis.org\/index.php?rest_route=\/wp\/v2\/posts\/5133","targetHints":{"allow":["GET"]}}],"collection":[{"href":"https:\/\/acemesclerosis.org\/index.php?rest_route=\/wp\/v2\/posts"}],"about":[{"href":"https:\/\/acemesclerosis.org\/index.php?rest_route=\/wp\/v2\/types\/post"}],"author":[{"embeddable":true,"href":"https:\/\/acemesclerosis.org\/index.php?rest_route=\/wp\/v2\/users\/2"}],"replies":[{"embeddable":true,"href":"https:\/\/acemesclerosis.org\/index.php?rest_route=%2Fwp%2Fv2%2Fcomments&post=5133"}],"version-history":[{"count":6,"href":"https:\/\/acemesclerosis.org\/index.php?rest_route=\/wp\/v2\/posts\/5133\/revisions"}],"predecessor-version":[{"id":5183,"href":"https:\/\/acemesclerosis.org\/index.php?rest_route=\/wp\/v2\/posts\/5133\/revisions\/5183"}],"wp:featuredmedia":[{"embeddable":true,"href":"https:\/\/acemesclerosis.org\/index.php?rest_route=\/wp\/v2\/media\/5134"}],"wp:attachment":[{"href":"https:\/\/acemesclerosis.org\/index.php?rest_route=%2Fwp%2Fv2%2Fmedia&parent=5133"}],"wp:term":[{"taxonomy":"category","embeddable":true,"href":"https:\/\/acemesclerosis.org\/index.php?rest_route=%2Fwp%2Fv2%2Fcategories&post=5133"},{"taxonomy":"post_tag","embeddable":true,"href":"https:\/\/acemesclerosis.org\/index.php?rest_route=%2Fwp%2Fv2%2Ftags&post=5133"}],"curies":[{"name":"wp","href":"https:\/\/api.w.org\/{rel}","templated":true}]}}